{"id":244,"date":"2017-08-17T20:42:07","date_gmt":"2017-08-17T19:42:07","guid":{"rendered":"https:\/\/swissmig.wordpress.com\/?p=244"},"modified":"2017-08-17T20:42:07","modified_gmt":"2017-08-17T19:42:07","slug":"qui-peut-rester-et-qui-doit-partir-les-frontieres-au-prisme-des-usages-sociaux-du-droit-dasile-en-suisse","status":"publish","type":"post","link":"https:\/\/swissmig.unine.ch\/?p=244","title":{"rendered":"Qui peut rester et qui doit partir ? Les fronti\u00e8res au prisme des usages sociaux du droit d\u2019asile en Suisse"},"content":{"rendered":"<h3>Author(s) : Jonathan Miaz<\/h3>\n<h3>Source : <a href=\"http:\/\/trajectoires.revues.org\/2398\" target=\"_blank\" rel=\"noopener\">http:\/\/trajectoires.revues.org\/2398<\/a><\/h3>\n<p><strong>Abstract: <\/strong><!--more--><\/p>\n<p><span lang=\"fr\" xml:lang=\"fr\">\u00c0 partir du cas de la Suisse, l\u2019auteur montre comment les fronti\u00e8res sont produites par les usages du droit, en interaction entre l\u2019administration et les associations de d\u00e9fense juridique des migrant.e.s. En d\u00e9terminant qui peut rester et qui doit partir, l\u2019administration produit les fronti\u00e8res en se r\u00e9f\u00e9rant \u00e0 des normes juridiques et \u00e0 des consid\u00e9rations politiques, morales et li\u00e9es \u00e0 la \u00ab\u00a0gestion des flux\u00a0\u00bb de migrant.e.s. La d\u00e9fense juridique joue quant \u00e0 elle un r\u00f4le ambivalent\u00a0: d\u2019une part, en configurant un acc\u00e8s au(x) droit(s) et en obtenant parfois des avanc\u00e9es jurisprudentielles, elle participe \u00e0 la red\u00e9finition,\u00a0par la marge, des fronti\u00e8res\u00a0; d\u2019autre part, en \u00e9tant contrainte \u00e0 s\u00e9lectionner les cas \u00e0 d\u00e9fendre, elle participe aussi \u00e0 leur renforcement. En d\u00e9finitive, le processus de judiciarisation, via l\u2019importante jurisprudence qui en r\u00e9sulte, contribue tant \u00e0 la (re)production des fronti\u00e8res \u00e0 travers des arr\u00eats qui confirment, voire durcissent, la position des autorit\u00e9s, qu\u2019\u00e0 leur red\u00e9finition \u00e0 travers des arr\u00eats en faveur des requ\u00e9rant.e.s d\u2019asile.<\/span><\/p>\n<p>Am Fall der Schweiz zeigt der Autor, wie immaterielle Grenzen durch die Rechtspraxis von Verwaltung und Rechtsberatungsstellen f\u00fcr Asylsuchende hergestellt werden. Die Verwaltung produziert Grenzen, indem die Beamten entscheiden, wer bleiben darf und wer das Land verlassen muss und sich dabei auf Rechtsnormen sowie auf politische, moralische Betrachtungen und Erw\u00e4gungen des Migrationsmanagements beziehen. Die Rechtsberatungsstellen f\u00fcr Asylsuchende spielen eine ambivalente Rolle. Einerseits tragen sie am Rand zu einer Neufestlegung der Grenzen bei, indem sie einen Zugang zum bzw. zu Recht(en) und Fortschritte in der Rechtsprechung erm\u00f6glichen. Andererseits sind sie zu einer Auswahl der F\u00e4lle, die sie verteidigen, gezwungen und f\u00f6rdern dadurch eine Verst\u00e4rkung der Grenzen. \u00dcber Entscheide, welche die Politik der Beh\u00f6rden best\u00e4tigen oder sogar versch\u00e4rfen, tr\u00e4gt die Verrechtlichung zum einen zur (Re)Produktion der Grenzen bei. Zum anderen f\u00fchrt sie durch eine Rechtsprechung zugunsten von Asylbewerbern zu einer Neufestlegung der Grenzen.<\/p>\n","protected":false},"excerpt":{"rendered":"<p>Author(s) : Jonathan Miaz Source : http:\/\/trajectoires.revues.org\/2398 Abstract:<\/p>\n","protected":false},"author":4,"featured_media":0,"comment_status":"open","ping_status":"open","sticky":false,"template":"","format":"standard","meta":{"_kadence_starter_templates_imported_post":false,"_kad_post_transparent":"","_kad_post_title":"","_kad_post_layout":"","_kad_post_sidebar_id":"","_kad_post_content_style":"","_kad_post_vertical_padding":"","_kad_post_feature":"","_kad_post_feature_position":"","_kad_post_header":false,"_kad_post_footer":false,"_kad_post_classname":"","jetpack_post_was_ever_published":false,"_jetpack_newsletter_access":"","_jetpack_dont_email_post_to_subs":false,"_jetpack_newsletter_tier_id":0,"_jetpack_memberships_contains_paywalled_content":false,"_jetpack_memberships_contains_paid_content":false,"footnotes":""},"categories":[53],"tags":[48,7,49,50,51,8,52],"class_list":["post-244","post","type-post","status-publish","format-standard","hentry","category-law","tag-48","tag-article","tag-asylum-policy","tag-asylum-seekers","tag-borders","tag-case-study","tag-french-language"],"jetpack_featured_media_url":"","jetpack_sharing_enabled":true,"_links":{"self":[{"href":"https:\/\/swissmig.unine.ch\/index.php?rest_route=\/wp\/v2\/posts\/244","targetHints":{"allow":["GET"]}}],"collection":[{"href":"https:\/\/swissmig.unine.ch\/index.php?rest_route=\/wp\/v2\/posts"}],"about":[{"href":"https:\/\/swissmig.unine.ch\/index.php?rest_route=\/wp\/v2\/types\/post"}],"author":[{"embeddable":true,"href":"https:\/\/swissmig.unine.ch\/index.php?rest_route=\/wp\/v2\/users\/4"}],"replies":[{"embeddable":true,"href":"https:\/\/swissmig.unine.ch\/index.php?rest_route=%2Fwp%2Fv2%2Fcomments&post=244"}],"version-history":[{"count":0,"href":"https:\/\/swissmig.unine.ch\/index.php?rest_route=\/wp\/v2\/posts\/244\/revisions"}],"wp:attachment":[{"href":"https:\/\/swissmig.unine.ch\/index.php?rest_route=%2Fwp%2Fv2%2Fmedia&parent=244"}],"wp:term":[{"taxonomy":"category","embeddable":true,"href":"https:\/\/swissmig.unine.ch\/index.php?rest_route=%2Fwp%2Fv2%2Fcategories&post=244"},{"taxonomy":"post_tag","embeddable":true,"href":"https:\/\/swissmig.unine.ch\/index.php?rest_route=%2Fwp%2Fv2%2Ftags&post=244"}],"curies":[{"name":"wp","href":"https:\/\/api.w.org\/{rel}","templated":true}]}}