{"id":2434,"date":"2018-10-19T17:14:20","date_gmt":"2018-10-19T16:14:20","guid":{"rendered":"https:\/\/swissmig.wordpress.com\/?p=2434"},"modified":"2018-10-19T17:14:20","modified_gmt":"2018-10-19T16:14:20","slug":"kosmopolitische-pioniere-inder_innen-der-zweiten-generation-aus-der-schweiz-zwischen-assimilation-exotik-und-globaler-moderne","status":"publish","type":"post","link":"https:\/\/swissmig.unine.ch\/?p=2434","title":{"rendered":"Kosmopolitische Pioniere. \u00bbInder_innen der zweiten Generation\u00ab aus der Schweiz zwischen Assimilation, Exotik und globaler Moderne"},"content":{"rendered":"<h3>Author(s) : Rohit Jain<\/h3>\n<h3>Source : <a href=\"https:\/\/doi.org\/10.5167\/uzh-153226\" target=\"_blank\" rel=\"noopener\">https:\/\/doi.org\/10.5167\/uzh-153226<\/a><\/h3>\n<p><strong>Abstract: <\/strong><!--more--><\/p>\n<blockquote>\n<div>Aufgewachsen zwischen Schweizer \u00dcberfremdungsangst und diasporischer Nostalgie: \u00bbInder_innen der zweiten Generation\u00ab verf\u00fcgten als Kinder kaum \u00fcber Narrative f\u00fcr ihre Erfahrung der Mehrfachzugeh\u00f6rigkeit. Rohit Jain zeichnet nach, wie diese \u00bbunm\u00f6glichen\u00ab Subjekte inmitten von assimilatorischem Rassismus und warenf\u00f6rmiger Anerkennung in der Schweiz sowie in den diasporischen R\u00e4umen eines liberalisierten Indiens neue Lebensentw\u00fcrfe erfinden. Die transnationale Ethnographie zeigt, wie an der postkolonialen Schnittstelle von dezentralem Kapitalismus, flexibler Staatszugeh\u00f6rigkeit und globaler Popul\u00e4rkultur kosmopolitische Selbstsorge im Widerspruch von Freiheit, Anerkennung und Ausschluss ausgehandelt wird.<\/div>\n<\/blockquote>\n<p>&nbsp;<\/p>\n","protected":false},"excerpt":{"rendered":"<p>Author(s) : Rohit Jain Source : https:\/\/doi.org\/10.5167\/uzh-153226 Abstract:<\/p>\n","protected":false},"author":4,"featured_media":0,"comment_status":"open","ping_status":"open","sticky":false,"template":"","format":"standard","meta":{"_kadence_starter_templates_imported_post":false,"_kad_post_transparent":"","_kad_post_title":"","_kad_post_layout":"","_kad_post_sidebar_id":"","_kad_post_content_style":"","_kad_post_vertical_padding":"","_kad_post_feature":"","_kad_post_feature_position":"","_kad_post_header":false,"_kad_post_footer":false,"_kad_post_classname":"","jetpack_post_was_ever_published":false,"_jetpack_newsletter_access":"","_jetpack_dont_email_post_to_subs":false,"_jetpack_newsletter_tier_id":0,"_jetpack_memberships_contains_paywalled_content":false,"_jetpack_memberships_contains_paid_content":false,"footnotes":""},"categories":[24],"tags":[285,136,589,296,73,427,145,91,26],"class_list":["post-2434","post","type-post","status-publish","format-standard","hentry","category-society-family-racism","tag-285","tag-diasporas","tag-doctoral-thesis","tag-entrepreneurship","tag-german-language","tag-indians","tag-second-generation","tag-social-integration","tag-transnationalism"],"jetpack_featured_media_url":"","jetpack_sharing_enabled":true,"_links":{"self":[{"href":"https:\/\/swissmig.unine.ch\/index.php?rest_route=\/wp\/v2\/posts\/2434","targetHints":{"allow":["GET"]}}],"collection":[{"href":"https:\/\/swissmig.unine.ch\/index.php?rest_route=\/wp\/v2\/posts"}],"about":[{"href":"https:\/\/swissmig.unine.ch\/index.php?rest_route=\/wp\/v2\/types\/post"}],"author":[{"embeddable":true,"href":"https:\/\/swissmig.unine.ch\/index.php?rest_route=\/wp\/v2\/users\/4"}],"replies":[{"embeddable":true,"href":"https:\/\/swissmig.unine.ch\/index.php?rest_route=%2Fwp%2Fv2%2Fcomments&post=2434"}],"version-history":[{"count":0,"href":"https:\/\/swissmig.unine.ch\/index.php?rest_route=\/wp\/v2\/posts\/2434\/revisions"}],"wp:attachment":[{"href":"https:\/\/swissmig.unine.ch\/index.php?rest_route=%2Fwp%2Fv2%2Fmedia&parent=2434"}],"wp:term":[{"taxonomy":"category","embeddable":true,"href":"https:\/\/swissmig.unine.ch\/index.php?rest_route=%2Fwp%2Fv2%2Fcategories&post=2434"},{"taxonomy":"post_tag","embeddable":true,"href":"https:\/\/swissmig.unine.ch\/index.php?rest_route=%2Fwp%2Fv2%2Ftags&post=2434"}],"curies":[{"name":"wp","href":"https:\/\/api.w.org\/{rel}","templated":true}]}}