{"id":2427,"date":"2018-10-19T16:54:54","date_gmt":"2018-10-19T15:54:54","guid":{"rendered":"https:\/\/swissmig.wordpress.com\/?p=2427"},"modified":"2018-10-19T16:54:54","modified_gmt":"2018-10-19T15:54:54","slug":"lintegration-par-les-pratiques-citoyennes-rapport-final-du-projet-participation-politique-non-conventionnelle-des-residents-etrangers","status":"publish","type":"post","link":"https:\/\/swissmig.unine.ch\/?p=2427","title":{"rendered":"L&#8217;int\u00e9gration par les pratiques citoyennes: Rapport final du projet &#8220;Participation politique non-conventionnelle des r\u00e9sidents \u00e9trangers&#8221;"},"content":{"rendered":"<h3>Author(s) : Matteo Gianni, Victor Luca Sanchez-Mazas<\/h3>\n<h3>Source : <a href=\"https:\/\/archive-ouverte.unige.ch\/unige:108551\" target=\"_blank\" rel=\"noopener\">https:\/\/archive-ouverte.unige.ch\/unige:108551<\/a><\/h3>\n<p><strong>Abstract: <\/strong><!--more--><\/p>\n<blockquote><p>Constatant la faible participation politique des r\u00e9sidents \u00e9trangers qui ont l\u2019opportunit\u00e9 de voter au niveau communal, le bureau de l\u2019int\u00e9gration des \u00e9trangers du canton de Gen\u00e8ve (BIE) a confi\u00e9 le mandat de r\u00e9aliser le pr\u00e9sent rapport \u00e0 une \u00e9quipe de recherche-action de l\u2019Institut d\u2019\u00e9tudes de la citoyennet\u00e9 (InCite) de l\u2019Universit\u00e9 de Gen\u00e8ve, dirig\u00e9e par le Professeur en science politique Matteo Gianni. Pourquoi et comment les collectivit\u00e9s locales devraient-elles mettre en place des dispositifs susceptibles d\u2019augmenter la participation politique des r\u00e9sidents \u00e9trangers ? En consid\u00e9rant l\u2019int\u00e9gration comme un processus continu impliquant tous les membres de la collectivit\u00e9, ce rapport postule que la participation politique est un vecteur d\u2019int\u00e9gration dans la soci\u00e9t\u00e9 et de la soci\u00e9t\u00e9 dans son ensemble. Il sugg\u00e8re que la participation politique non-conventionnelle (donc ne n\u00e9cessitant pas de droits politiques formels) comporte un important potentiel d\u2019int\u00e9gration et de cr\u00e9ation de coh\u00e9sion sociale. Par le biais de la conception d\u2019une s\u00e9quence d\u2019actions centr\u00e9e sur le dispositif d\u2019un forum d\u00e9lib\u00e9ratif, auquel sont associ\u00e9es des mesures n\u00e9cessaires ou utiles \u00e0 son fonctionnement, en mati\u00e8re de formation, d\u2019information, d\u2019incitation, d\u2019outils num\u00e9rique et d\u2019une carte municipale, le rapport propose une r\u00e9interpr\u00e9tation du concept de citoyennet\u00e9 comme une pratique l\u00e9gitime d\u2019inclusion et de participation \u00e0 la vie de la collectivit\u00e9. Dans le cadre de sa d\u00e9marche d\u2019innovation sociale et afin de contribuer au d\u00e9veloppement de la coh\u00e9sion sociale dans son contexte, la ville de Vernier fera office de commune pilote dans la mise en oeuvre de ce projet. Par la suite, il serait souhaitable de capitaliser sur cette exp\u00e9rience pour tenter de la multiplier dans d\u2019autres communes du canton de Gen\u00e8ve.<\/p><\/blockquote>\n<p>&nbsp;<\/p>\n","protected":false},"excerpt":{"rendered":"<p>Author(s) : Matteo Gianni, Victor Luca Sanchez-Mazas Source : https:\/\/archive-ouverte.unige.ch\/unige:108551&#8230;<\/p>\n","protected":false},"author":4,"featured_media":0,"comment_status":"open","ping_status":"open","sticky":false,"template":"","format":"standard","meta":{"_kadence_starter_templates_imported_post":false,"_kad_post_transparent":"","_kad_post_title":"","_kad_post_layout":"","_kad_post_sidebar_id":"","_kad_post_content_style":"","_kad_post_vertical_padding":"","_kad_post_feature":"","_kad_post_feature_position":"","_kad_post_header":false,"_kad_post_footer":false,"_kad_post_classname":"","jetpack_post_was_ever_published":false,"_jetpack_newsletter_access":"","_jetpack_dont_email_post_to_subs":false,"_jetpack_newsletter_tier_id":0,"_jetpack_memberships_contains_paywalled_content":false,"_jetpack_memberships_contains_paid_content":false,"footnotes":""},"categories":[12],"tags":[285,70,307,52,341,123,94,249,91],"class_list":["post-2427","post","type-post","status-publish","format-standard","hentry","category-politics","tag-285","tag-citizenship","tag-civil-and-political-rights","tag-french-language","tag-geneva","tag-political-participation","tag-political-system","tag-report","tag-social-integration"],"jetpack_featured_media_url":"","jetpack_sharing_enabled":true,"_links":{"self":[{"href":"https:\/\/swissmig.unine.ch\/index.php?rest_route=\/wp\/v2\/posts\/2427","targetHints":{"allow":["GET"]}}],"collection":[{"href":"https:\/\/swissmig.unine.ch\/index.php?rest_route=\/wp\/v2\/posts"}],"about":[{"href":"https:\/\/swissmig.unine.ch\/index.php?rest_route=\/wp\/v2\/types\/post"}],"author":[{"embeddable":true,"href":"https:\/\/swissmig.unine.ch\/index.php?rest_route=\/wp\/v2\/users\/4"}],"replies":[{"embeddable":true,"href":"https:\/\/swissmig.unine.ch\/index.php?rest_route=%2Fwp%2Fv2%2Fcomments&post=2427"}],"version-history":[{"count":0,"href":"https:\/\/swissmig.unine.ch\/index.php?rest_route=\/wp\/v2\/posts\/2427\/revisions"}],"wp:attachment":[{"href":"https:\/\/swissmig.unine.ch\/index.php?rest_route=%2Fwp%2Fv2%2Fmedia&parent=2427"}],"wp:term":[{"taxonomy":"category","embeddable":true,"href":"https:\/\/swissmig.unine.ch\/index.php?rest_route=%2Fwp%2Fv2%2Fcategories&post=2427"},{"taxonomy":"post_tag","embeddable":true,"href":"https:\/\/swissmig.unine.ch\/index.php?rest_route=%2Fwp%2Fv2%2Ftags&post=2427"}],"curies":[{"name":"wp","href":"https:\/\/api.w.org\/{rel}","templated":true}]}}