{"id":2399,"date":"2018-09-24T15:21:56","date_gmt":"2018-09-24T14:21:56","guid":{"rendered":"https:\/\/swissmig.wordpress.com\/?p=2399"},"modified":"2018-09-24T15:21:56","modified_gmt":"2018-09-24T14:21:56","slug":"nationalite-et-recrutement-la-cas-des-ouvriers-portugais-dans-le-domaine-gros-oeuvre-romand","status":"publish","type":"post","link":"https:\/\/swissmig.unine.ch\/?p=2399","title":{"rendered":"Nationalit\u00e9 et recrutement: La cas des ouvriers portugais dans le domaine gros oeuvre romand"},"content":{"rendered":"<h3>Author(s) : Laura Amaro Galhano<\/h3>\n<h3>Source : <a href=\"https:\/\/www.lives-nccr.ch\/sites\/default\/files\/pdf\/publication\/52_lives_wp_amarogalhano_nationaliterecrutement.pdf\">https:\/\/www.lives-nccr.ch\/sites\/default\/files\/pdf\/publication\/52_lives_wp_amarogalhano_nationaliterecrutement.pdf<\/a><\/h3>\n<p><strong>Abstract: <\/strong><!--more--><\/p>\n<blockquote>\n<section id=\"Abs1\" class=\"Abstract\" lang=\"en\">&#8220;Dans cette contribution, je me suis concentr\u00e9e sur un aspect sp\u00e9cifique de mes donn\u00e9es: l\u2019\u00e9valuation et la place des travailleurs portugais sur les chantiers romands. En m\u2019int\u00e9ressant au recrutement de ces travailleurs, j\u2019ai voulu comprendre l\u2019organisation et la mobilisation des r\u00e9seaux sociaux qui m\u00e8nent \u00e0 l\u2019emploi et comment ces m\u00e9canismes contribuent \u00e0 cr\u00e9er une segmentation ethnique du march\u00e9 du travail. Pour cela, je me suis int\u00e9ress\u00e9e au r\u00e9cit de leur recrutement et de leur quotidien au travail. Mes entretiens ont \u00e9t\u00e9 r\u00e9alis\u00e9s avec des personnes en lien avec la phase gros \u0153uvre d\u2019un b\u00e2timent, phase qui rassemble le plus longtemps les m\u00eames personnes sur un m\u00eame site. Nous verrons ainsi que (1) l\u2019embauche de personnel r\u00e9pond \u00e0 une recherche d\u2019\u00e9quilibre entre le rendement au travail et le rapport des employ\u00e9s entre eux et que le recrutement par cooptation est un moyen efficace pour y arriver; (2) que lorsque l\u2019on parle de \u00abPortugais\u00bb dans le cadre de la construction, ce sont des contraintes organisationnelles qui sont naturalis\u00e9es \u00e0 travers un groupe d\u2019individus qui, de part ses pratiques de socialisation et ses dispositions migratoires, se pr\u00eate particuli\u00e8rement \u00e0 des enjeux d\u2019appartenance li\u00e9s \u00e0 une efficacit\u00e9 au travail.&#8221;<\/section>\n<\/blockquote>\n<p><strong>\u00a0<\/strong><\/p>\n<p>&nbsp;<\/p>\n","protected":false},"excerpt":{"rendered":"<p>Author(s) : Laura Amaro Galhano Source : https:\/\/www.lives-nccr.ch\/sites\/default\/files\/pdf\/publication\/52_lives_wp_amarogalhano_nationaliterecrutement.pdf Abstract:<\/p>\n","protected":false},"author":4,"featured_media":0,"comment_status":"open","ping_status":"open","sticky":false,"template":"","format":"standard","meta":{"_kadence_starter_templates_imported_post":false,"_kad_post_transparent":"","_kad_post_title":"","_kad_post_layout":"","_kad_post_sidebar_id":"","_kad_post_content_style":"","_kad_post_vertical_padding":"","_kad_post_feature":"","_kad_post_feature_position":"","_kad_post_header":false,"_kad_post_footer":false,"_kad_post_classname":"","jetpack_post_was_ever_published":false,"_jetpack_newsletter_access":"","_jetpack_dont_email_post_to_subs":false,"_jetpack_newsletter_tier_id":0,"_jetpack_memberships_contains_paywalled_content":false,"_jetpack_memberships_contains_paid_content":false,"footnotes":""},"categories":[16],"tags":[14,362,281,259,52,19,205,140,150,207,158,309],"class_list":["post-2399","post","type-post","status-publish","format-standard","hentry","category-economics","tag-14","tag-access-to-employment","tag-belonging","tag-ethnicity","tag-french-language","tag-labour-market","tag-national-identity","tag-portuguese","tag-precarious-employment","tag-social-networks","tag-working-conditions","tag-working-paper"],"jetpack_featured_media_url":"","jetpack_sharing_enabled":true,"_links":{"self":[{"href":"https:\/\/swissmig.unine.ch\/index.php?rest_route=\/wp\/v2\/posts\/2399","targetHints":{"allow":["GET"]}}],"collection":[{"href":"https:\/\/swissmig.unine.ch\/index.php?rest_route=\/wp\/v2\/posts"}],"about":[{"href":"https:\/\/swissmig.unine.ch\/index.php?rest_route=\/wp\/v2\/types\/post"}],"author":[{"embeddable":true,"href":"https:\/\/swissmig.unine.ch\/index.php?rest_route=\/wp\/v2\/users\/4"}],"replies":[{"embeddable":true,"href":"https:\/\/swissmig.unine.ch\/index.php?rest_route=%2Fwp%2Fv2%2Fcomments&post=2399"}],"version-history":[{"count":0,"href":"https:\/\/swissmig.unine.ch\/index.php?rest_route=\/wp\/v2\/posts\/2399\/revisions"}],"wp:attachment":[{"href":"https:\/\/swissmig.unine.ch\/index.php?rest_route=%2Fwp%2Fv2%2Fmedia&parent=2399"}],"wp:term":[{"taxonomy":"category","embeddable":true,"href":"https:\/\/swissmig.unine.ch\/index.php?rest_route=%2Fwp%2Fv2%2Fcategories&post=2399"},{"taxonomy":"post_tag","embeddable":true,"href":"https:\/\/swissmig.unine.ch\/index.php?rest_route=%2Fwp%2Fv2%2Ftags&post=2399"}],"curies":[{"name":"wp","href":"https:\/\/api.w.org\/{rel}","templated":true}]}}