{"id":2397,"date":"2018-09-24T15:12:18","date_gmt":"2018-09-24T14:12:18","guid":{"rendered":"https:\/\/swissmig.wordpress.com\/?p=2397"},"modified":"2018-09-24T15:12:18","modified_gmt":"2018-09-24T14:12:18","slug":"la-qualite-de-la-couverture-mediatique-des-musulmans-de-suisse-qualitat-der-berichterstattung-uber-muslime-in-der-schweiz","status":"publish","type":"post","link":"https:\/\/swissmig.unine.ch\/?p=2397","title":{"rendered":"La qualit\u00e9 de la couverture m\u00e9diatique des musulmans de Suisse. Qualit\u00e4t der Berichterstattung \u00fcber  Muslime in der Schweiz"},"content":{"rendered":"<h3>Author(s) : Patrik Ettinger<\/h3>\n<h3>Source :<\/h3>\n<h3>DE : <a href=\"http:\/\/www.ekr.admin.ch\/pdf\/Studie_Qual_Berichterst_D.pdf\">http:\/\/www.ekr.admin.ch\/pdf\/Studie_Qual_Berichterst_D.pdf<\/a><\/h3>\n<h3>FR : <a href=\"http:\/\/www.ekr.admin.ch\/pdf\/Studie_Qual_Berichterst_F.pdf\" target=\"_blank\" rel=\"noopener\">http:\/\/www.ekr.admin.ch\/pdf\/Studie_Qual_Berichterst_F.pdf<\/a><\/h3>\n<p><strong>Abstract: <\/strong><!--more--><\/p>\n<blockquote>\n<section id=\"Abs1\" class=\"Abstract\" lang=\"en\">&#8220;Ces derni\u00e8res ann\u00e9es, la minorit\u00e9 musulmane de Suisse a fait l\u2019objet d\u2019une attention accrue. La perception de cette minorit\u00e9 dans notre pays est largement influenc\u00e9e par la communication publique \u00e0 son sujet. Repr\u00e9sentants des milieux politiques, scientifiques, religieux, des ONG et \u00e9videmment des organisations musulmanes dans toute leur diversit\u00e9, pour ne citer qu\u2019eux : nombreux sont les acteurs qui d\u00e9battent de sujets relatifs aux musulmans et des solutions aux \u00e9ventuels probl\u00e8mes observ\u00e9s. Mais, m\u00eame \u00e0 l\u2019\u00e8re des r\u00e9seaux sociaux, ils doivent compter sur un autre acteur central pour \u00eatre entendus et atteindre la population : les m\u00e9dias de masse.&#8221;<\/p>\n<div><\/div>\n<div>&#8220;Die muslimische Minderheit in der Schweiz hat in den letzten Jahren eine starke \u00f6f-<\/div>\n<div>fentliche Aufmerksamkeit erfahren. Wie Musliminnen und Muslime in der Schweiz<\/div>\n<div>wahrgenommen werden, wird wesentlich durch die \u00f6ffentliche Kommunikation<\/div>\n<div>bestimmt. Um die ad\u00e4quate Wahrnehmung und die angemessenen L\u00f6sungen<\/div>\n<div>allf\u00e4lliger Probleme disputieren Akteure aus der Politik, Expertinnen und Exper-<\/div>\n<div>ten, Vertreter von Kirchen und\/oder NGOs und nicht zuletzt auch Vertreter der<\/div>\n<div>vielf\u00e4ltigen muslimischen Organisationen \u2013 um nur einige zu nennen. Doch damit<\/div>\n<div>diese Akteure breite Resonanz erzielen und die Bev\u00f6lkerung erreichen k\u00f6nnen,<\/div>\n<div>braucht es auch in Zeiten der Social Media einen weiteren zentralen Akteur: die<\/div>\n<div>Massenmedien.&#8221;<\/div>\n<\/section>\n<\/blockquote>\n<p><strong>\u00a0<\/strong><\/p>\n<p>&nbsp;<\/p>\n","protected":false},"excerpt":{"rendered":"<p>Author(s) : Patrik Ettinger Source : DE : http:\/\/www.ekr.admin.ch\/pdf\/Studie_Qual_Berichterst_D.pdf FR&#8230;<\/p>\n","protected":false},"author":4,"featured_media":0,"comment_status":"open","ping_status":"open","sticky":false,"template":"","format":"standard","meta":{"_kadence_starter_templates_imported_post":false,"_kad_post_transparent":"","_kad_post_title":"","_kad_post_layout":"","_kad_post_sidebar_id":"","_kad_post_content_style":"","_kad_post_vertical_padding":"","_kad_post_feature":"","_kad_post_feature_position":"","_kad_post_header":false,"_kad_post_footer":false,"_kad_post_classname":"","jetpack_post_was_ever_published":false,"_jetpack_newsletter_access":"","_jetpack_dont_email_post_to_subs":false,"_jetpack_newsletter_tier_id":0,"_jetpack_memberships_contains_paywalled_content":false,"_jetpack_memberships_contains_paid_content":false,"footnotes":""},"categories":[167],"tags":[285,37,8,173,409,152,82,121,52,73,115,325,116,95,249],"class_list":["post-2397","post","type-post","status-publish","format-standard","hentry","category-ethnicity-languages-religion-arts","tag-285","tag-attitudes-towards-migrants","tag-case-study","tag-cross-cultural-communication","tag-cultural-diversity","tag-discourse","tag-ethnic-discrimination","tag-ethnic-minorities","tag-french-language","tag-german-language","tag-mass-media","tag-methodology","tag-muslims","tag-populism","tag-report"],"jetpack_featured_media_url":"","jetpack_sharing_enabled":true,"_links":{"self":[{"href":"https:\/\/swissmig.unine.ch\/index.php?rest_route=\/wp\/v2\/posts\/2397","targetHints":{"allow":["GET"]}}],"collection":[{"href":"https:\/\/swissmig.unine.ch\/index.php?rest_route=\/wp\/v2\/posts"}],"about":[{"href":"https:\/\/swissmig.unine.ch\/index.php?rest_route=\/wp\/v2\/types\/post"}],"author":[{"embeddable":true,"href":"https:\/\/swissmig.unine.ch\/index.php?rest_route=\/wp\/v2\/users\/4"}],"replies":[{"embeddable":true,"href":"https:\/\/swissmig.unine.ch\/index.php?rest_route=%2Fwp%2Fv2%2Fcomments&post=2397"}],"version-history":[{"count":0,"href":"https:\/\/swissmig.unine.ch\/index.php?rest_route=\/wp\/v2\/posts\/2397\/revisions"}],"wp:attachment":[{"href":"https:\/\/swissmig.unine.ch\/index.php?rest_route=%2Fwp%2Fv2%2Fmedia&parent=2397"}],"wp:term":[{"taxonomy":"category","embeddable":true,"href":"https:\/\/swissmig.unine.ch\/index.php?rest_route=%2Fwp%2Fv2%2Fcategories&post=2397"},{"taxonomy":"post_tag","embeddable":true,"href":"https:\/\/swissmig.unine.ch\/index.php?rest_route=%2Fwp%2Fv2%2Ftags&post=2397"}],"curies":[{"name":"wp","href":"https:\/\/api.w.org\/{rel}","templated":true}]}}