{"id":2389,"date":"2018-09-14T21:14:50","date_gmt":"2018-09-14T20:14:50","guid":{"rendered":"https:\/\/swissmig.wordpress.com\/?p=2389"},"modified":"2018-09-14T21:14:50","modified_gmt":"2018-09-14T20:14:50","slug":"migrationspolitik-und-vulnerabilitat-eine-analyse-der-schweizer-politik-gegenuber-migrantinnen-und-migranten-in-vulnerabler-lage","status":"publish","type":"post","link":"https:\/\/swissmig.unine.ch\/?p=2389","title":{"rendered":"Migrationspolitik und Vulnerabilit\u00e4t. Eine Analyse der Schweizer Politik gegen\u00fcber Migrantinnen und Migranten in vulnerabler Lage"},"content":{"rendered":"<h3>Author(s) : Sandro Cattacin, Milena Chimienti<\/h3>\n<h3>Source : <a href=\"https:\/\/archive-ouverte.unige.ch\/unige:40949\" target=\"_blank\" rel=\"noopener\">https:\/\/archive-ouverte.unige.ch\/unige:40949<\/a><\/h3>\n<p><strong>Abstract: <\/strong><!--more--><\/p>\n<blockquote>\n<section id=\"Abs1\" class=\"Abstract\" lang=\"en\">&#8220;Diese sehr summarische Analyse von vulnerablen Situationen im Migrationsalltag verweist auf die Grenzen einer nationalen Makrosteuerung der Migrationspolitik. Handlungsfelder sind auf nationaler Ebene kaum zu erkennen, da deren Verschachtelung mit internationalen Vorgaben den Handlungsspielraum einschr\u00e4nken. Dagegen ergeben sich neue M\u00f6glichkeiten der Regulierung auf lokaler Ebene, die zwar je urbaner, desto pragmatischer und nicht moralischer vorgeht, doch zumindest erste sozialstaatliche Antworten auf gef\u00e4hrliche Ausschlussmechanismen formulieren kann. Dabei ist zwar die Handlungsweise pragmatisch, das Referenzsystem jedoch in den internationalen Fundamentalrechten zu suchen. Diese geben die Legitimationsbasis f\u00fcr lokale Politiken ab, welche ihrerseits Minimalstandards im Bereich Gesundheit, Erziehung und Selbstbestimmung vorgeben. Dabei f\u00e4llt auch auf, dass solche st\u00e4dtische Politiken auch von der Bev\u00f6lkerung mitgetragen werden. Zivilgesellschaftliche Akteure sind nicht nur Partner des lokalen Staates im Umgang mit vulnerablen Situationen von Migrantinnen und Migranten; auch scheint insgesamt in der Bev\u00f6lkerung die Einsicht vorzuherrschen ,dass lokale Sozial politike in Grundpfeiler urbanen Zusammenhalts darstellt, der erst st\u00e4dtische Innovationsregime erm\u00f6glicht.&#8221;<\/p>\n<\/section>\n<\/blockquote>\n<p><strong>\u00a0<\/strong><\/p>\n<p>&nbsp;<\/p>\n","protected":false},"excerpt":{"rendered":"<p>Author(s) : Sandro Cattacin, Milena Chimienti Source : https:\/\/archive-ouverte.unige.ch\/unige:40949 Abstract:<\/p>\n","protected":false},"author":4,"featured_media":0,"comment_status":"open","ping_status":"open","sticky":false,"template":"","format":"standard","meta":{"_kadence_starter_templates_imported_post":false,"_kad_post_transparent":"","_kad_post_title":"","_kad_post_layout":"","_kad_post_sidebar_id":"","_kad_post_content_style":"","_kad_post_vertical_padding":"","_kad_post_feature":"","_kad_post_feature_position":"","_kad_post_header":false,"_kad_post_footer":false,"_kad_post_classname":"","jetpack_post_was_ever_published":false,"_jetpack_newsletter_access":"","_jetpack_dont_email_post_to_subs":false,"_jetpack_newsletter_tier_id":0,"_jetpack_memberships_contains_paywalled_content":false,"_jetpack_memberships_contains_paid_content":false,"footnotes":""},"categories":[12],"tags":[134,32,73,128,36,103,91,392,144,315],"class_list":["post-2389","post","type-post","status-publish","format-standard","hentry","category-politics","tag-134","tag-book-chapter","tag-german-language","tag-human-rights","tag-migration-policy","tag-refugees","tag-social-integration","tag-urban-policy","tag-vulnerability","tag-welfare-state"],"jetpack_featured_media_url":"","jetpack_sharing_enabled":true,"_links":{"self":[{"href":"https:\/\/swissmig.unine.ch\/index.php?rest_route=\/wp\/v2\/posts\/2389","targetHints":{"allow":["GET"]}}],"collection":[{"href":"https:\/\/swissmig.unine.ch\/index.php?rest_route=\/wp\/v2\/posts"}],"about":[{"href":"https:\/\/swissmig.unine.ch\/index.php?rest_route=\/wp\/v2\/types\/post"}],"author":[{"embeddable":true,"href":"https:\/\/swissmig.unine.ch\/index.php?rest_route=\/wp\/v2\/users\/4"}],"replies":[{"embeddable":true,"href":"https:\/\/swissmig.unine.ch\/index.php?rest_route=%2Fwp%2Fv2%2Fcomments&post=2389"}],"version-history":[{"count":0,"href":"https:\/\/swissmig.unine.ch\/index.php?rest_route=\/wp\/v2\/posts\/2389\/revisions"}],"wp:attachment":[{"href":"https:\/\/swissmig.unine.ch\/index.php?rest_route=%2Fwp%2Fv2%2Fmedia&parent=2389"}],"wp:term":[{"taxonomy":"category","embeddable":true,"href":"https:\/\/swissmig.unine.ch\/index.php?rest_route=%2Fwp%2Fv2%2Fcategories&post=2389"},{"taxonomy":"post_tag","embeddable":true,"href":"https:\/\/swissmig.unine.ch\/index.php?rest_route=%2Fwp%2Fv2%2Ftags&post=2389"}],"curies":[{"name":"wp","href":"https:\/\/api.w.org\/{rel}","templated":true}]}}