{"id":2377,"date":"2018-08-21T09:30:35","date_gmt":"2018-08-21T08:30:35","guid":{"rendered":"https:\/\/swissmig.wordpress.com\/?p=2377"},"modified":"2018-08-21T09:30:35","modified_gmt":"2018-08-21T08:30:35","slug":"modeles-de-citoyennete-et-mobilisation-des-immigres-en-suisse-et-en-france-une-approche-des-opportunites-politiques","status":"publish","type":"post","link":"https:\/\/swissmig.unine.ch\/?p=2377","title":{"rendered":"Mod\u00e8les de citoyennet\u00e9 et mobilisation des immigr\u00e9s en Suisse et en France. Une approche des opportunit\u00e9s politiques"},"content":{"rendered":"<h3>Author(s) : Marco Giugni, Florence Passy<\/h3>\n<h3>Source : <a href=\"https:\/\/serval.unil.ch\/resource\/serval:BIB_27936.P001\/REF.pdf\" target=\"_blank\" rel=\"noopener\">https:\/\/serval.unil.ch\/resource\/serval:BIB_27936.P001\/REF.pdf<\/a><\/h3>\n<p><strong>Abstract: <\/strong><!--more--><\/p>\n<blockquote>\n<p class=\"Para\">&#8220;Les travaux r\u00e9cents sur l\u2019action collective ont mis en exergue le r\u00f4le pr\u00e9pond\u00e9rant des opportunit\u00e9s politiques pour la mobilisation, mais aussi l\u2019impact, des mouvements sociaux. Des facteurs d\u2019ordre institutionnels tels que l\u2019acc\u00e8s au syst\u00e8me politique, le niveau de r\u00e9pression mis en \u0153uvre par les autorit\u00e9s, la configuration du pouvoir et la capacit\u00e9 de l\u2019\u00c9tat de produire des d\u00e9cisions rapides et de les mettre en \u0153uvre de mani\u00e8re efficace, figurent parmi les aspects de la structure des opportunit\u00e9s politiques qui influencent l\u2019\u00e9mergence des ph\u00e9nom\u00e8nes de contestation politique et qui ont \u00e9t\u00e9 mis en avant par diff\u00e9rents auteurs, autant par le biais d\u2019\u00e9tudes de cas que d\u2019analyses compar\u00e9es (Brockett, 1991; della Porta, 1995; Kitschelt, 1986; Kriesi et al., 1995; McAdam, 1982, 1996; Rucht, 1994; Tarrow, 1989, 1998 ; Tilly, 1978, 1986, 1995).&#8221;<\/p>\n<\/blockquote>\n<p>&nbsp;<\/p>\n","protected":false},"excerpt":{"rendered":"<p>Author(s) : Marco Giugni, Florence Passy Source : https:\/\/serval.unil.ch\/resource\/serval:BIB_27936.P001\/REF.pdf Abstract:<\/p>\n","protected":false},"author":4,"featured_media":0,"comment_status":"open","ping_status":"open","sticky":false,"template":"","format":"standard","meta":{"_kadence_starter_templates_imported_post":false,"_kad_post_transparent":"","_kad_post_title":"","_kad_post_layout":"","_kad_post_sidebar_id":"","_kad_post_content_style":"","_kad_post_vertical_padding":"","_kad_post_feature":"","_kad_post_feature_position":"","_kad_post_header":false,"_kad_post_footer":false,"_kad_post_classname":"","jetpack_post_was_ever_published":false,"_jetpack_newsletter_access":"","_jetpack_dont_email_post_to_subs":false,"_jetpack_newsletter_tier_id":0,"_jetpack_memberships_contains_paywalled_content":false,"_jetpack_memberships_contains_paid_content":false,"footnotes":""},"categories":[12],"tags":[481,70,307,57,121,197,52,17,129,123,326,124,249,91],"class_list":["post-2377","post","type-post","status-publish","format-standard","hentry","category-politics","tag-481","tag-citizenship","tag-civil-and-political-rights","tag-comparative-analysis","tag-ethnic-minorities","tag-france","tag-french-language","tag-immigrants","tag-law","tag-political-participation","tag-political-representation","tag-protest-movements","tag-report","tag-social-integration"],"jetpack_featured_media_url":"","jetpack_sharing_enabled":true,"_links":{"self":[{"href":"https:\/\/swissmig.unine.ch\/index.php?rest_route=\/wp\/v2\/posts\/2377","targetHints":{"allow":["GET"]}}],"collection":[{"href":"https:\/\/swissmig.unine.ch\/index.php?rest_route=\/wp\/v2\/posts"}],"about":[{"href":"https:\/\/swissmig.unine.ch\/index.php?rest_route=\/wp\/v2\/types\/post"}],"author":[{"embeddable":true,"href":"https:\/\/swissmig.unine.ch\/index.php?rest_route=\/wp\/v2\/users\/4"}],"replies":[{"embeddable":true,"href":"https:\/\/swissmig.unine.ch\/index.php?rest_route=%2Fwp%2Fv2%2Fcomments&post=2377"}],"version-history":[{"count":0,"href":"https:\/\/swissmig.unine.ch\/index.php?rest_route=\/wp\/v2\/posts\/2377\/revisions"}],"wp:attachment":[{"href":"https:\/\/swissmig.unine.ch\/index.php?rest_route=%2Fwp%2Fv2%2Fmedia&parent=2377"}],"wp:term":[{"taxonomy":"category","embeddable":true,"href":"https:\/\/swissmig.unine.ch\/index.php?rest_route=%2Fwp%2Fv2%2Fcategories&post=2377"},{"taxonomy":"post_tag","embeddable":true,"href":"https:\/\/swissmig.unine.ch\/index.php?rest_route=%2Fwp%2Fv2%2Ftags&post=2377"}],"curies":[{"name":"wp","href":"https:\/\/api.w.org\/{rel}","templated":true}]}}