{"id":2375,"date":"2018-08-21T09:16:47","date_gmt":"2018-08-21T08:16:47","guid":{"rendered":"https:\/\/swissmig.wordpress.com\/?p=2375"},"modified":"2018-08-21T09:16:47","modified_gmt":"2018-08-21T08:16:47","slug":"integration-des-etrangers-les-choix-de-neuchatel","status":"publish","type":"post","link":"https:\/\/swissmig.unine.ch\/?p=2375","title":{"rendered":"Int\u00e9gration des \u00e9trangers : les choix de Neuch\u00e2tel"},"content":{"rendered":"<h3>Author(s) : Flora Di Donato<\/h3>\n<h3>Source : <a href=\"https:\/\/www.reiso.org\/articles\/themes\/migrations\/361-integration-des-etrangers-les-choix-de-neuchatel\" target=\"_blank\" rel=\"noopener\">https:\/\/www.reiso.org\/articles\/themes\/migrations\/361-integration-des-etrangers-les-choix-de-neuchatel<\/a><\/h3>\n<p><strong>Abstract: <\/strong><!--more--><\/p>\n<blockquote>\n<p class=\"Para\">&#8220;La Conf\u00e9d\u00e9ration, les cantons et les communes ont pour t\u00e2che d\u2019encourager l\u2019int\u00e9gration des personnes \u00e9trang\u00e8res en Suisse. Bien diff\u00e9rente des conventions qui exigent une int\u00e9gration unilat\u00e9rale, la politique neuch\u00e2teloise vise l\u2019\u00e9gale dignit\u00e9.&#8221;<\/p>\n<\/blockquote>\n<p>&nbsp;<\/p>\n","protected":false},"excerpt":{"rendered":"<p>Author(s) : Flora Di Donato Source : https:\/\/www.reiso.org\/articles\/themes\/migrations\/361-integration-des-etrangers-les-choix-de-neuchatel Abstract:<\/p>\n","protected":false},"author":4,"featured_media":0,"comment_status":"open","ping_status":"open","sticky":false,"template":"","format":"standard","meta":{"_kadence_starter_templates_imported_post":false,"_kad_post_transparent":"","_kad_post_title":"","_kad_post_layout":"","_kad_post_sidebar_id":"","_kad_post_content_style":"","_kad_post_vertical_padding":"","_kad_post_feature":"","_kad_post_feature_position":"","_kad_post_header":false,"_kad_post_footer":false,"_kad_post_classname":"","jetpack_post_was_ever_published":false,"_jetpack_newsletter_access":"","_jetpack_dont_email_post_to_subs":false,"_jetpack_newsletter_tier_id":0,"_jetpack_memberships_contains_paywalled_content":false,"_jetpack_memberships_contains_paid_content":false,"footnotes":""},"categories":[12],"tags":[141,7,273,70,307,57,107,52,87,17,387,180,93,284,91],"class_list":["post-2375","post","type-post","status-publish","format-standard","hentry","category-politics","tag-141","tag-article","tag-cantons","tag-citizenship","tag-civil-and-political-rights","tag-comparative-analysis","tag-freedom-of-movement","tag-french-language","tag-history","tag-immigrants","tag-integration-policy","tag-multiculturalism","tag-naturalization","tag-neuchatel","tag-social-integration"],"jetpack_featured_media_url":"","jetpack_sharing_enabled":true,"_links":{"self":[{"href":"https:\/\/swissmig.unine.ch\/index.php?rest_route=\/wp\/v2\/posts\/2375","targetHints":{"allow":["GET"]}}],"collection":[{"href":"https:\/\/swissmig.unine.ch\/index.php?rest_route=\/wp\/v2\/posts"}],"about":[{"href":"https:\/\/swissmig.unine.ch\/index.php?rest_route=\/wp\/v2\/types\/post"}],"author":[{"embeddable":true,"href":"https:\/\/swissmig.unine.ch\/index.php?rest_route=\/wp\/v2\/users\/4"}],"replies":[{"embeddable":true,"href":"https:\/\/swissmig.unine.ch\/index.php?rest_route=%2Fwp%2Fv2%2Fcomments&post=2375"}],"version-history":[{"count":0,"href":"https:\/\/swissmig.unine.ch\/index.php?rest_route=\/wp\/v2\/posts\/2375\/revisions"}],"wp:attachment":[{"href":"https:\/\/swissmig.unine.ch\/index.php?rest_route=%2Fwp%2Fv2%2Fmedia&parent=2375"}],"wp:term":[{"taxonomy":"category","embeddable":true,"href":"https:\/\/swissmig.unine.ch\/index.php?rest_route=%2Fwp%2Fv2%2Fcategories&post=2375"},{"taxonomy":"post_tag","embeddable":true,"href":"https:\/\/swissmig.unine.ch\/index.php?rest_route=%2Fwp%2Fv2%2Ftags&post=2375"}],"curies":[{"name":"wp","href":"https:\/\/api.w.org\/{rel}","templated":true}]}}