{"id":2361,"date":"2018-08-17T10:56:06","date_gmt":"2018-08-17T09:56:06","guid":{"rendered":"https:\/\/swissmig.wordpress.com\/?p=2361"},"modified":"2018-08-17T10:56:06","modified_gmt":"2018-08-17T09:56:06","slug":"migration-und-bildungsarmut-ubertrittsrisiken-im-schweizer-bildungssystem","status":"publish","type":"post","link":"https:\/\/swissmig.unine.ch\/?p=2361","title":{"rendered":"Migration und Bildungsarmut: \u00dcbertrittsrisiken im Schweizer Bildungssystem"},"content":{"rendered":"<h3>Author(s) : <span class=\"authors__name\">Michael\u00a0Beck, <\/span><span class=\"authors__name\">Franziska\u00a0J\u00e4pel<\/span><\/h3>\n<h3>Source : <a href=\"https:\/\/dx.doi.org\/10.1007\/978-3-658-19573-1_19\" target=\"_blank\" rel=\"noopener\">https:\/\/dx.doi.org\/10.1007\/978-3-658-19573-1_19<\/a><\/h3>\n<p><strong>Abstract: <\/strong><!--more--><\/p>\n<blockquote>\n<section id=\"Abs1\" class=\"Abstract\" lang=\"de\">\n<p id=\"Par1\" class=\"Para\">Der Artikel untersucht Bildungsarmut im Schweizer Schulsystem dahingehend, ob sich auftretende Unterschiede nach Migrationshintergrund bei \u00dcbertritten im Sinne von Chancengerechtigkeit durch Schulleistungen erkl\u00e4ren lassen oder ob Residualeffekte im Sinne allf\u00e4lliger Diskriminierung auftreten. W\u00e4hrend beim \u00dcbergang Primar-Sekundarschule keine Effekte erkennbar sind, zeigen sich solche beim (Nicht-)\u00dcbertritt in die nachobligatorische Ausbildung zu Ungunsten s\u00fcdosteurop\u00e4ischer Herkunftsgruppen.<\/p>\n<\/section>\n<div class=\"KeywordGroup\" lang=\"de\">\n<h4 class=\"Heading\">Stichw\u00f6rter<\/h4>\n<p><span class=\"Keyword\">Migration, <\/span><span class=\"Keyword\">Bildungs\u00fcbertritt, <\/span><span class=\"Keyword\">Zertifikatsarmut, <\/span><span class=\"Keyword\">Diskriminierung\u00a0<\/span><\/div>\n<\/blockquote>\n<p>&nbsp;<\/p>\n","protected":false},"excerpt":{"rendered":"<p>Author(s) : Michael\u00a0Beck, Franziska\u00a0J\u00e4pel Source : https:\/\/dx.doi.org\/10.1007\/978-3-658-19573-1_19 Abstract:<\/p>\n","protected":false},"author":4,"featured_media":0,"comment_status":"open","ping_status":"open","sticky":false,"template":"","format":"standard","meta":{"_kadence_starter_templates_imported_post":false,"_kad_post_transparent":"","_kad_post_title":"","_kad_post_layout":"","_kad_post_sidebar_id":"","_kad_post_content_style":"","_kad_post_vertical_padding":"","_kad_post_feature":"","_kad_post_feature_position":"","_kad_post_header":false,"_kad_post_footer":false,"_kad_post_classname":"","jetpack_post_was_ever_published":false,"_jetpack_newsletter_access":"","_jetpack_dont_email_post_to_subs":false,"_jetpack_newsletter_tier_id":0,"_jetpack_memberships_contains_paywalled_content":false,"_jetpack_memberships_contains_paid_content":false,"footnotes":""},"categories":[61],"tags":[582,32,318,146,274,78,73,363,117,290,118],"class_list":["post-2361","post","type-post","status-publish","format-standard","hentry","category-education","tag-582","tag-book-chapter","tag-children","tag-discrimination","tag-educational-inequality","tag-educational-system","tag-german-language","tag-school","tag-school-integration","tag-students","tag-youth"],"jetpack_featured_media_url":"","jetpack_sharing_enabled":true,"_links":{"self":[{"href":"https:\/\/swissmig.unine.ch\/index.php?rest_route=\/wp\/v2\/posts\/2361","targetHints":{"allow":["GET"]}}],"collection":[{"href":"https:\/\/swissmig.unine.ch\/index.php?rest_route=\/wp\/v2\/posts"}],"about":[{"href":"https:\/\/swissmig.unine.ch\/index.php?rest_route=\/wp\/v2\/types\/post"}],"author":[{"embeddable":true,"href":"https:\/\/swissmig.unine.ch\/index.php?rest_route=\/wp\/v2\/users\/4"}],"replies":[{"embeddable":true,"href":"https:\/\/swissmig.unine.ch\/index.php?rest_route=%2Fwp%2Fv2%2Fcomments&post=2361"}],"version-history":[{"count":0,"href":"https:\/\/swissmig.unine.ch\/index.php?rest_route=\/wp\/v2\/posts\/2361\/revisions"}],"wp:attachment":[{"href":"https:\/\/swissmig.unine.ch\/index.php?rest_route=%2Fwp%2Fv2%2Fmedia&parent=2361"}],"wp:term":[{"taxonomy":"category","embeddable":true,"href":"https:\/\/swissmig.unine.ch\/index.php?rest_route=%2Fwp%2Fv2%2Fcategories&post=2361"},{"taxonomy":"post_tag","embeddable":true,"href":"https:\/\/swissmig.unine.ch\/index.php?rest_route=%2Fwp%2Fv2%2Ftags&post=2361"}],"curies":[{"name":"wp","href":"https:\/\/api.w.org\/{rel}","templated":true}]}}