{"id":2356,"date":"2018-08-14T09:48:20","date_gmt":"2018-08-14T08:48:20","guid":{"rendered":"https:\/\/swissmig.wordpress.com\/?p=2356"},"modified":"2018-08-14T09:48:20","modified_gmt":"2018-08-14T08:48:20","slug":"soins-psychiatriques-pour-les-requerants-dasile-a-geneve-une-approche-multidisciplinaire-pour-preserver-la-singularite-des-soins","status":"publish","type":"post","link":"https:\/\/swissmig.unine.ch\/?p=2356","title":{"rendered":"Soins psychiatriques pour les requ\u00e9rants d\u2019asile \u00e0 Gen\u00e8ve : une approche multidisciplinaire pour pr\u00e9server la singularit\u00e9 des soins"},"content":{"rendered":"<h3>Author(s) : Natacha Premand, Javier Bartolomei, Rachel Baeriswyl-Cottin, Ariel Eytan, Panteleimon Giannakopoulos, Marianne Gex-Fabry, Brigitte Coraboeuf<\/h3>\n<h3>Source : <a href=\"https:\/\/www.revmed.ch\/RMS\/2013\/RMS-N-398\/Soins-psychiatriques-pour-les-requerants-d-asile-a-Geneve\" target=\"_blank\" rel=\"noopener\">https:\/\/www.revmed.ch\/RMS\/2013\/RMS-N-398\/Soins-psychiatriques-pour-les-requerants-d-asile-a-Geneve<\/a><\/h3>\n<p><strong>Abstract: <\/strong><!--more--><\/p>\n<blockquote>\n<div>\n<section id=\"Abs1\" class=\"Abstract\" lang=\"en\">\n<div class=\"hlFld-Abstract\">\n<div class=\"abstractSection abstractInFull\">\n<p class=\"texte\" dir=\"ltr\">&#8220;Les requ\u00e9rants d\u2019asile constituent une population vuln\u00e9rable, au sens o\u00f9 ils subissent des facteurs de stress multiples pouvant favoriser l\u2019\u00e9mergence de troubles psychiques tels que pr\u00e9carit\u00e9 sociale, s\u00e9parations forc\u00e9es d\u2019avec leurs proches et exposition \u00e0 des actes de violence. Les patients suivis dans notre service de psychiatrie communautaire ont souvent un permis de s\u00e9jour pr\u00e9caire, vivent en foyer et ne ma\u00eetrisent pas le fran\u00e7ais. Ils souffrent au premier chef de troubles d\u00e9pressifs (64,7%) et d\u2019\u00e9tats de stress post-traumatique (34,5%). Du fait de leurs sp\u00e9cificit\u00e9s cliniques et sociales et de l\u2019implication de plusieurs intervenants dans ces situations, une intervention psychiatrique sp\u00e9cialis\u00e9e articul\u00e9e \u00e0 celle des diff\u00e9rents acteurs nous para\u00eet n\u00e9cessaire.&#8221;<\/p>\n<\/div>\n<\/div>\n<\/section>\n<\/div>\n<\/blockquote>\n<p>&nbsp;<\/p>\n","protected":false},"excerpt":{"rendered":"<p>Author(s) : Natacha Premand, Javier Bartolomei, Rachel Baeriswyl-Cottin, Ariel Eytan,&#8230;<\/p>\n","protected":false},"author":4,"featured_media":0,"comment_status":"open","ping_status":"open","sticky":false,"template":"","format":"standard","meta":{"_kadence_starter_templates_imported_post":false,"_kad_post_transparent":"","_kad_post_title":"","_kad_post_layout":"","_kad_post_sidebar_id":"","_kad_post_content_style":"","_kad_post_vertical_padding":"","_kad_post_feature":"","_kad_post_feature_position":"","_kad_post_header":false,"_kad_post_footer":false,"_kad_post_classname":"","jetpack_post_was_ever_published":false,"_jetpack_newsletter_access":"","_jetpack_dont_email_post_to_subs":false,"_jetpack_newsletter_tier_id":0,"_jetpack_memberships_contains_paywalled_content":false,"_jetpack_memberships_contains_paid_content":false,"footnotes":""},"categories":[59],"tags":[75,7,50,52,341,157,185,186,339,188,480,144],"class_list":["post-2356","post","type-post","status-publish","format-standard","hentry","category-health","tag-75","tag-article","tag-asylum-seekers","tag-french-language","tag-geneva","tag-health-care","tag-mental-health","tag-psychiatry","tag-psychological-problems","tag-ptsd","tag-public-health","tag-vulnerability"],"jetpack_featured_media_url":"","jetpack_sharing_enabled":true,"_links":{"self":[{"href":"https:\/\/swissmig.unine.ch\/index.php?rest_route=\/wp\/v2\/posts\/2356","targetHints":{"allow":["GET"]}}],"collection":[{"href":"https:\/\/swissmig.unine.ch\/index.php?rest_route=\/wp\/v2\/posts"}],"about":[{"href":"https:\/\/swissmig.unine.ch\/index.php?rest_route=\/wp\/v2\/types\/post"}],"author":[{"embeddable":true,"href":"https:\/\/swissmig.unine.ch\/index.php?rest_route=\/wp\/v2\/users\/4"}],"replies":[{"embeddable":true,"href":"https:\/\/swissmig.unine.ch\/index.php?rest_route=%2Fwp%2Fv2%2Fcomments&post=2356"}],"version-history":[{"count":0,"href":"https:\/\/swissmig.unine.ch\/index.php?rest_route=\/wp\/v2\/posts\/2356\/revisions"}],"wp:attachment":[{"href":"https:\/\/swissmig.unine.ch\/index.php?rest_route=%2Fwp%2Fv2%2Fmedia&parent=2356"}],"wp:term":[{"taxonomy":"category","embeddable":true,"href":"https:\/\/swissmig.unine.ch\/index.php?rest_route=%2Fwp%2Fv2%2Fcategories&post=2356"},{"taxonomy":"post_tag","embeddable":true,"href":"https:\/\/swissmig.unine.ch\/index.php?rest_route=%2Fwp%2Fv2%2Ftags&post=2356"}],"curies":[{"name":"wp","href":"https:\/\/api.w.org\/{rel}","templated":true}]}}