{"id":2346,"date":"2018-08-07T14:17:47","date_gmt":"2018-08-07T13:17:47","guid":{"rendered":"https:\/\/swissmig.wordpress.com\/?p=2346"},"modified":"2018-08-07T14:17:47","modified_gmt":"2018-08-07T13:17:47","slug":"la-politique-du-refuge-en-suisse-1820-1870-realite-et-mythe","status":"publish","type":"post","link":"https:\/\/swissmig.unine.ch\/?p=2346","title":{"rendered":"La politique du refuge en Suisse 1820-1870, r\u00e9alit\u00e9 et mythe"},"content":{"rendered":"<h3>Author(s) : Thomas Busset<\/h3>\n<h3>Source : <a href=\"https:\/\/www.amtsdruckschriften.bar.admin.ch\/viewOrigDoc\/80000238.pdf?id=80000238&amp;cache=1533647136698\" target=\"_blank\" rel=\"noopener\">https:\/\/www.amtsdruckschriften.bar.admin.ch\/viewOrigDoc\/80000238.pdf?id=80000238&amp;cache=1533647136698<\/a><\/h3>\n<p><strong>Abstract: <\/strong><!--more--><\/p>\n<blockquote>\n<div>\n<section id=\"Abs1\" class=\"Abstract\" lang=\"en\">\n<div class=\"hlFld-Abstract\">\n<div class=\"abstractSection abstractInFull\">\n<p class=\"texte\" dir=\"ltr\">&#8220;L&#8217;historiographie du refuge en Suisse souffre d&#8217;une orientation presque ex-clusivement monographique. La tr\u00e8s grande majorit\u00e9 des \u00e9tudes dont nous disposons sont focalis\u00e9es soit sur un \u00e9v\u00e9nement ou une suite d&#8217;\u00e9v\u00e9nements donn\u00e9s, soit sur un canton ou une cat\u00e9gorie de r\u00e9fugi\u00e9s pr\u00e9cis. Il en d\u00e9coule que les approches diachroniques demeurent rares. Sans remettre en question la pertinence des \u00e9tudes de cas, indispensables, il est \u00e0 d\u00e9plorer qu&#8217;en l&#8217;\u00e9tat actuel des connaissances il soit difficile de distinguer ce qui rel\u00e8ve de la r\u00e8gle de ce qui est sp\u00e9cifique aux divers chapitres de cette histoire. Il n&#8217;est gu\u00e8re possible non plus ni de suivre l&#8217;\u00e9volution de la politique pratiqu\u00e9e envers les r\u00e9fugi\u00e9s, ni de d\u00e9gager les changements qui se sont op\u00e9r\u00e9s au cours des deux \u00e0 trois derniers si\u00e8cles. Or, l&#8217;attitude de l&#8217;Etat f\u00e9d\u00e9ral apr\u00e8s les r\u00e9volutions de 1848 &#8211; abord\u00e9e dans de ce num\u00e9ro d&#8217;Etudes et Sources &#8211; ne s&#8217;inscrit pas seulement dans le contexte national et international de l&#8217;\u00e9poque, mais se situe \u00e9galement dans le sillage des exp\u00e9riences faites par la Conf\u00e9d\u00e9ration au cours des d\u00e9cennies pr\u00e9c\u00e9dentes. D&#8217;o\u00f9 l&#8217;int\u00e9r\u00eat d&#8217;une approche sur le moyen ou le long terme. Un telle d\u00e9marche s&#8217;av\u00e8re d&#8217;autant plus justifi\u00e9e que, longtemps, l&#8217;accueil des r\u00e9fugi\u00e9s au cours de la premi\u00e8re moiti\u00e9 du XIXe si\u00e8cle a pass\u00e9 &#8211; \u00e0 tort &#8211; pour particuli\u00e8rement g\u00e9n\u00e9reux.&#8221;<\/p>\n<\/div>\n<\/div>\n<\/section>\n<\/div>\n<\/blockquote>\n<p>&nbsp;<\/p>\n","protected":false},"excerpt":{"rendered":"<p>Author(s) : Thomas Busset Source : https:\/\/www.amtsdruckschriften.bar.admin.ch\/viewOrigDoc\/80000238.pdf?id=80000238&amp;cache=1533647136698 Abstract:<\/p>\n","protected":false},"author":4,"featured_media":0,"comment_status":"open","ping_status":"open","sticky":false,"template":"","format":"standard","meta":{"_kadence_starter_templates_imported_post":false,"_kad_post_transparent":"","_kad_post_title":"","_kad_post_layout":"","_kad_post_sidebar_id":"","_kad_post_content_style":"","_kad_post_vertical_padding":"","_kad_post_feature":"","_kad_post_feature_position":"","_kad_post_header":false,"_kad_post_footer":false,"_kad_post_classname":"","jetpack_post_was_ever_published":false,"_jetpack_newsletter_access":"","_jetpack_dont_email_post_to_subs":false,"_jetpack_newsletter_tier_id":0,"_jetpack_memberships_contains_paywalled_content":false,"_jetpack_memberships_contains_paid_content":false,"footnotes":""},"categories":[35],"tags":[425,7,49,52,325,36,90,103],"class_list":["post-2346","post","type-post","status-publish","format-standard","hentry","category-history","tag-425","tag-article","tag-asylum-policy","tag-french-language","tag-methodology","tag-migration-policy","tag-reception-policy","tag-refugees"],"jetpack_featured_media_url":"","jetpack_sharing_enabled":true,"_links":{"self":[{"href":"https:\/\/swissmig.unine.ch\/index.php?rest_route=\/wp\/v2\/posts\/2346","targetHints":{"allow":["GET"]}}],"collection":[{"href":"https:\/\/swissmig.unine.ch\/index.php?rest_route=\/wp\/v2\/posts"}],"about":[{"href":"https:\/\/swissmig.unine.ch\/index.php?rest_route=\/wp\/v2\/types\/post"}],"author":[{"embeddable":true,"href":"https:\/\/swissmig.unine.ch\/index.php?rest_route=\/wp\/v2\/users\/4"}],"replies":[{"embeddable":true,"href":"https:\/\/swissmig.unine.ch\/index.php?rest_route=%2Fwp%2Fv2%2Fcomments&post=2346"}],"version-history":[{"count":0,"href":"https:\/\/swissmig.unine.ch\/index.php?rest_route=\/wp\/v2\/posts\/2346\/revisions"}],"wp:attachment":[{"href":"https:\/\/swissmig.unine.ch\/index.php?rest_route=%2Fwp%2Fv2%2Fmedia&parent=2346"}],"wp:term":[{"taxonomy":"category","embeddable":true,"href":"https:\/\/swissmig.unine.ch\/index.php?rest_route=%2Fwp%2Fv2%2Fcategories&post=2346"},{"taxonomy":"post_tag","embeddable":true,"href":"https:\/\/swissmig.unine.ch\/index.php?rest_route=%2Fwp%2Fv2%2Ftags&post=2346"}],"curies":[{"name":"wp","href":"https:\/\/api.w.org\/{rel}","templated":true}]}}