{"id":2344,"date":"2018-08-07T14:02:27","date_gmt":"2018-08-07T13:02:27","guid":{"rendered":"https:\/\/swissmig.wordpress.com\/?p=2344"},"modified":"2018-08-07T14:02:27","modified_gmt":"2018-08-07T13:02:27","slug":"migration-et-developpement-les-enjeux-dune-relation-controversee","status":"publish","type":"post","link":"https:\/\/swissmig.unine.ch\/?p=2344","title":{"rendered":"Migration et d\u00e9veloppement: les enjeux d\u2019une relation controvers\u00e9e"},"content":{"rendered":"<h3>Author(s) : Denise Efionayi-M\u00e4der, G\u00e9rard Perroulaz, Catherine Sch\u00fcmperli Younossian<\/h3>\n<h3>Source : <a href=\"https:\/\/journals.openedition.org\/aspd\/176\" target=\"_blank\" rel=\"noopener\">https:\/\/journals.openedition.org\/aspd\/176<\/a><\/h3>\n<p><strong>Abstract: <\/strong><!--more--><\/p>\n<blockquote>\n<div>\n<section id=\"Abs1\" class=\"Abstract\" lang=\"en\">\n<div class=\"hlFld-Abstract\">\n<div class=\"abstractSection abstractInFull\">\n<p class=\"texte\" dir=\"ltr\">&#8220;Depuis une trentaine d\u2019ann\u00e9es, les migrations internationales se sont intensifi\u00e9es et complexifi\u00e9es \u00e0 l\u2019\u00e9chelle plan\u00e9taire. Elles sont concomitantes \u00e0 la mobilit\u00e9 croissante des marchandises, des services, des capitaux et de l\u2019information, au niveau non seulement r\u00e9gional, mais aussi intercontinental. Face \u00e0 l\u2019augmentation des in\u00e9galit\u00e9s mondiales, le ph\u00e9nom\u00e8ne migratoire devient d\u00e9sormais indissociable des questions li\u00e9es au d\u00e9veloppement des pays du Sud. Aux \u00e9carts de revenus, pr\u00e9sents aussi bien \u00e0 l\u2019int\u00e9rieur qu\u2019entre les pays, s\u2019ajoutent les diff\u00e9rences en termes sociaux, juridiques et sanitaires. Au niveau mondial, on estime \u00e0 pr\u00e8s de 200 millions le nombre de personnes ne vivant pas dans le pays de leur naissance pour plus d\u2019une ann\u00e9e; pr\u00e8s de la moiti\u00e9 d\u2019entre elles sont des femmes. En Suisse, un habitant sur trois a des origines \u00e9trang\u00e8res par ses parents et un quart de la population active ne poss\u00e8de pas de passeport suisse. Non seulement ces personnes occupent les secteurs du travail n\u00e9glig\u00e9s par les autochtones, mais elles apportent \u00e9galement des qualifications professionnelles recherch\u00e9es au niveau national.&#8221;<\/p>\n<\/div>\n<\/div>\n<\/section>\n<\/div>\n<\/blockquote>\n<p>&nbsp;<\/p>\n","protected":false},"excerpt":{"rendered":"<p>Author(s) : Denise Efionayi-M\u00e4der, G\u00e9rard Perroulaz, Catherine Sch\u00fcmperli Younossian Source&#8230;<\/p>\n","protected":false},"author":4,"featured_media":0,"comment_status":"open","ping_status":"open","sticky":false,"template":"","format":"standard","meta":{"_kadence_starter_templates_imported_post":false,"_kad_post_transparent":"","_kad_post_title":"","_kad_post_layout":"","_kad_post_sidebar_id":"","_kad_post_content_style":"","_kad_post_vertical_padding":"","_kad_post_feature":"","_kad_post_feature_position":"","_kad_post_header":false,"_kad_post_footer":false,"_kad_post_classname":"","jetpack_post_was_ever_published":false,"_jetpack_newsletter_access":"","_jetpack_dont_email_post_to_subs":false,"_jetpack_newsletter_tier_id":0,"_jetpack_memberships_contains_paywalled_content":false,"_jetpack_memberships_contains_paid_content":false,"footnotes":""},"categories":[12],"tags":[134,7,498,564,565,136,137,52,216,19,26],"class_list":["post-2344","post","type-post","status-publish","format-standard","hentry","category-politics","tag-134","tag-article","tag-brain-drain","tag-development","tag-development-aid","tag-diasporas","tag-emigration","tag-french-language","tag-international-cooperation","tag-labour-market","tag-transnationalism"],"jetpack_featured_media_url":"","jetpack_sharing_enabled":true,"_links":{"self":[{"href":"https:\/\/swissmig.unine.ch\/index.php?rest_route=\/wp\/v2\/posts\/2344","targetHints":{"allow":["GET"]}}],"collection":[{"href":"https:\/\/swissmig.unine.ch\/index.php?rest_route=\/wp\/v2\/posts"}],"about":[{"href":"https:\/\/swissmig.unine.ch\/index.php?rest_route=\/wp\/v2\/types\/post"}],"author":[{"embeddable":true,"href":"https:\/\/swissmig.unine.ch\/index.php?rest_route=\/wp\/v2\/users\/4"}],"replies":[{"embeddable":true,"href":"https:\/\/swissmig.unine.ch\/index.php?rest_route=%2Fwp%2Fv2%2Fcomments&post=2344"}],"version-history":[{"count":0,"href":"https:\/\/swissmig.unine.ch\/index.php?rest_route=\/wp\/v2\/posts\/2344\/revisions"}],"wp:attachment":[{"href":"https:\/\/swissmig.unine.ch\/index.php?rest_route=%2Fwp%2Fv2%2Fmedia&parent=2344"}],"wp:term":[{"taxonomy":"category","embeddable":true,"href":"https:\/\/swissmig.unine.ch\/index.php?rest_route=%2Fwp%2Fv2%2Fcategories&post=2344"},{"taxonomy":"post_tag","embeddable":true,"href":"https:\/\/swissmig.unine.ch\/index.php?rest_route=%2Fwp%2Fv2%2Ftags&post=2344"}],"curies":[{"name":"wp","href":"https:\/\/api.w.org\/{rel}","templated":true}]}}