{"id":2330,"date":"2018-07-31T12:47:16","date_gmt":"2018-07-31T11:47:16","guid":{"rendered":"https:\/\/swissmig.wordpress.com\/?p=2330"},"modified":"2018-07-31T12:47:16","modified_gmt":"2018-07-31T11:47:16","slug":"la-question-erythreenne-entre-politique-et-droit","status":"publish","type":"post","link":"https:\/\/swissmig.unine.ch\/?p=2330","title":{"rendered":"La \u00abquestion \u00e9rythr\u00e9enne\u00bb entre politique et droit"},"content":{"rendered":"<h3>Author(s) : Stefania Summermatter<\/h3>\n<h3>Source : <a href=\"https:\/\/asile.ch\/wp\/wp-content\/uploads\/2018\/04\/CAS_La-%C2%ABquestion-e%CC%81rythre%CC%81enne%C2%BB-entre-politique-et-droit_STE.pdf\" target=\"_blank\" rel=\"noopener\">https:\/\/asile.ch\/wp\/wp-content\/uploads\/2018\/04\/CAS_La-%C2%ABquestion-e%CC%81rythre%CC%81enne%C2%BB-entre-politique-et-droit_STE.pdf<\/a><\/h3>\n<p><strong>Abstract: <\/strong><!--more--><\/p>\n<blockquote>\n<div>\n<section id=\"Abs1\" class=\"Abstract\" lang=\"en\">\n<p class=\"Para\">&#8220;Rien ne laissait pr\u00e9sager, il y a encore une d\u00e9cennie, que ce petit \u00c9tat de la Corne de l\u2019Afrique appel\u00e9 \u00c9rythr\u00e9e serait devenu un enjeu majeur de la politique migratoire suisse. Isol\u00e9 sur le plan international, il n&#8217;\u00e9tait qu&#8217;un autre exemple de r\u00e9gime despotique, voire dictatorial, sur la carte du monde. Pourtant, depuis dix ans l&#8217;\u00c9rythr\u00e9e figure en t\u00eate des pays de provenance des requ\u00e9rants d&#8217;asile en Suisse, o\u00f9 se trouve l&#8217;une des plus grandes diasporas sur sol europ\u00e9en. Et depuis dix ans cette communaut\u00e9 incarne, malgr\u00e9 elle, la polarisation qui entoure le d\u00e9bat sur le droit d&#8217;asile. Au point que l&#8217;on pourrait parler d&#8217;une v\u00e9ritable \u00abquestion \u00e9rythr\u00e9enne.\u00bb Ce travail a pour objectif d&#8217;analyser l&#8217;\u00e9volution de l&#8217;accueil des requ\u00e9rants d&#8217;asile \u00e9rythr\u00e9ens en Suisse, tant d&#8217;un point de vue juridique que du discours politique.&#8221;<\/p>\n<\/section>\n<\/div>\n<\/blockquote>\n<p>&nbsp;<\/p>\n","protected":false},"excerpt":{"rendered":"<p>Author(s) : Stefania Summermatter Source : https:\/\/asile.ch\/wp\/wp-content\/uploads\/2018\/04\/CAS_La-%C2%ABquestion-e%CC%81rythre%CC%81enne%C2%BB-entre-politique-et-droit_STE.pdf Abstract:<\/p>\n","protected":false},"author":4,"featured_media":0,"comment_status":"open","ping_status":"open","sticky":false,"template":"","format":"standard","meta":{"_kadence_starter_templates_imported_post":false,"_kad_post_transparent":"","_kad_post_title":"","_kad_post_layout":"","_kad_post_sidebar_id":"","_kad_post_content_style":"","_kad_post_vertical_padding":"","_kad_post_feature":"","_kad_post_feature_position":"","_kad_post_header":false,"_kad_post_footer":false,"_kad_post_classname":"","jetpack_post_was_ever_published":false,"_jetpack_newsletter_access":"","_jetpack_dont_email_post_to_subs":false,"_jetpack_newsletter_tier_id":0,"_jetpack_memberships_contains_paywalled_content":false,"_jetpack_memberships_contains_paid_content":false,"footnotes":""},"categories":[12],"tags":[48,49,112,50,152,579,527,52,129,36,90,219],"class_list":["post-2330","post","type-post","status-publish","format-standard","hentry","category-politics","tag-48","tag-asylum-policy","tag-asylum-procedure","tag-asylum-seekers","tag-discourse","tag-eritrea","tag-eritreans","tag-french-language","tag-law","tag-migration-policy","tag-reception-policy","tag-thesis"],"jetpack_featured_media_url":"","jetpack_sharing_enabled":true,"_links":{"self":[{"href":"https:\/\/swissmig.unine.ch\/index.php?rest_route=\/wp\/v2\/posts\/2330","targetHints":{"allow":["GET"]}}],"collection":[{"href":"https:\/\/swissmig.unine.ch\/index.php?rest_route=\/wp\/v2\/posts"}],"about":[{"href":"https:\/\/swissmig.unine.ch\/index.php?rest_route=\/wp\/v2\/types\/post"}],"author":[{"embeddable":true,"href":"https:\/\/swissmig.unine.ch\/index.php?rest_route=\/wp\/v2\/users\/4"}],"replies":[{"embeddable":true,"href":"https:\/\/swissmig.unine.ch\/index.php?rest_route=%2Fwp%2Fv2%2Fcomments&post=2330"}],"version-history":[{"count":0,"href":"https:\/\/swissmig.unine.ch\/index.php?rest_route=\/wp\/v2\/posts\/2330\/revisions"}],"wp:attachment":[{"href":"https:\/\/swissmig.unine.ch\/index.php?rest_route=%2Fwp%2Fv2%2Fmedia&parent=2330"}],"wp:term":[{"taxonomy":"category","embeddable":true,"href":"https:\/\/swissmig.unine.ch\/index.php?rest_route=%2Fwp%2Fv2%2Fcategories&post=2330"},{"taxonomy":"post_tag","embeddable":true,"href":"https:\/\/swissmig.unine.ch\/index.php?rest_route=%2Fwp%2Fv2%2Ftags&post=2330"}],"curies":[{"name":"wp","href":"https:\/\/api.w.org\/{rel}","templated":true}]}}