{"id":2326,"date":"2018-07-31T11:29:49","date_gmt":"2018-07-31T10:29:49","guid":{"rendered":"https:\/\/swissmig.wordpress.com\/?p=2326"},"modified":"2018-07-31T11:29:49","modified_gmt":"2018-07-31T10:29:49","slug":"handbuch-zur-betreuung-unbegleiteter-minderjahriger-in-der-schweiz-praxisorientierter-leitfaden-fur-fachpersonen","status":"publish","type":"post","link":"https:\/\/swissmig.unine.ch\/?p=2326","title":{"rendered":"Handbuch zur Betreuung unbegleiteter Minderj\u00e4hriger in der Schweiz: Praxisorientierter Leitfaden f\u00fcr Fachpersonen"},"content":{"rendered":"<h3>Author(s) : Internationale Sozialdienst<\/h3>\n<h3>Source : <a href=\"https:\/\/www.ssi-schweiz.org\/sites\/default\/files\/2017-07\/MANUEL_DE_WEB.pdf\" target=\"_blank\" rel=\"noopener\">https:\/\/www.ssi-schweiz.org\/sites\/default\/files\/2017-07\/MANUEL_DE_WEB.pdf<\/a><\/h3>\n<p><strong>Abstract: <\/strong><!--more--><\/p>\n<blockquote>\n<div>\n<div>Der Internationale Sozialdienst Schweiz (SSI) f\u00f6rdert die internationale Solidarit\u00e4t sowie eine Zusammenarbeit der betroffenen L\u00e4nder zur angemessenen Betreuung der unbegleiteten Minderj\u00e4hrigen (MNA) unter Einhaltung ihrer Kinderrechte. Diese Arbeit hat zum Ziel den Bed\u00fcrfnissen der MNA besser gerecht zu werden. Dabei setzt sich der SSI f\u00fcr die internationalen Grunds\u00e4tze zum Umgang mit unbegleiteten Minderj\u00e4hrigen ein, deren Weiterentwicklung er im Rahmen seiner Lobbyarbeit unterst\u00fctzt. Er vertritt das Credo, dass Kinder, die einen Migrationshintergrund<\/div>\n<div>haben, in erster Linie als Kinder betrachtet werden m\u00fcssen und dass beim Umgang mit ihnen zuerst immer das \u00fcbergeordnete Kindesinteresse ber\u00fccksichtigt werden muss.<\/div>\n<\/div>\n<\/blockquote>\n<p>&nbsp;<\/p>\n","protected":false},"excerpt":{"rendered":"<p>Author(s) : Internationale Sozialdienst Source : https:\/\/www.ssi-schweiz.org\/sites\/default\/files\/2017-07\/MANUEL_DE_WEB.pdf Abstract:<\/p>\n","protected":false},"author":4,"featured_media":0,"comment_status":"open","ping_status":"open","sticky":false,"template":"","format":"standard","meta":{"_kadence_starter_templates_imported_post":false,"_kad_post_transparent":"","_kad_post_title":"","_kad_post_layout":"","_kad_post_sidebar_id":"","_kad_post_content_style":"","_kad_post_vertical_padding":"","_kad_post_feature":"","_kad_post_feature_position":"","_kad_post_header":false,"_kad_post_footer":false,"_kad_post_classname":"","jetpack_post_was_ever_published":false,"_jetpack_newsletter_access":"","_jetpack_dont_email_post_to_subs":false,"_jetpack_newsletter_tier_id":0,"_jetpack_memberships_contains_paywalled_content":false,"_jetpack_memberships_contains_paid_content":false,"footnotes":""},"categories":[24],"tags":[48,73,128,325,249,401,64],"class_list":["post-2326","post","type-post","status-publish","format-standard","hentry","category-society-family-racism","tag-48","tag-german-language","tag-human-rights","tag-methodology","tag-report","tag-social-workers","tag-unaccompanied-minors"],"jetpack_featured_media_url":"","jetpack_sharing_enabled":true,"_links":{"self":[{"href":"https:\/\/swissmig.unine.ch\/index.php?rest_route=\/wp\/v2\/posts\/2326","targetHints":{"allow":["GET"]}}],"collection":[{"href":"https:\/\/swissmig.unine.ch\/index.php?rest_route=\/wp\/v2\/posts"}],"about":[{"href":"https:\/\/swissmig.unine.ch\/index.php?rest_route=\/wp\/v2\/types\/post"}],"author":[{"embeddable":true,"href":"https:\/\/swissmig.unine.ch\/index.php?rest_route=\/wp\/v2\/users\/4"}],"replies":[{"embeddable":true,"href":"https:\/\/swissmig.unine.ch\/index.php?rest_route=%2Fwp%2Fv2%2Fcomments&post=2326"}],"version-history":[{"count":0,"href":"https:\/\/swissmig.unine.ch\/index.php?rest_route=\/wp\/v2\/posts\/2326\/revisions"}],"wp:attachment":[{"href":"https:\/\/swissmig.unine.ch\/index.php?rest_route=%2Fwp%2Fv2%2Fmedia&parent=2326"}],"wp:term":[{"taxonomy":"category","embeddable":true,"href":"https:\/\/swissmig.unine.ch\/index.php?rest_route=%2Fwp%2Fv2%2Fcategories&post=2326"},{"taxonomy":"post_tag","embeddable":true,"href":"https:\/\/swissmig.unine.ch\/index.php?rest_route=%2Fwp%2Fv2%2Ftags&post=2326"}],"curies":[{"name":"wp","href":"https:\/\/api.w.org\/{rel}","templated":true}]}}