{"id":2324,"date":"2018-07-31T11:25:58","date_gmt":"2018-07-31T10:25:58","guid":{"rendered":"https:\/\/swissmig.wordpress.com\/?p=2324"},"modified":"2018-07-31T11:25:58","modified_gmt":"2018-07-31T10:25:58","slug":"manuel-de-prise-en-charge-des-mineur-e-s-non-accompagne-e-s-en-suisse-guide-pratique-a-lusage-des-professionnel-le-s","status":"publish","type":"post","link":"https:\/\/swissmig.unine.ch\/?p=2324","title":{"rendered":"Manuel de prise en charge des mineur-e-s  non accompagn\u00e9-e-s en Suisse: guide pratique \u00e0 l\u2019usage des professionnel-le-s"},"content":{"rendered":"<h3>Author(s) : Service social international<\/h3>\n<h3>Source : <a href=\"https:\/\/www.ssi-schweiz.org\/sites\/default\/files\/2017-07\/MANUEL_FR_WEB.pdf\" target=\"_blank\" rel=\"noopener\">https:\/\/www.ssi-schweiz.org\/sites\/default\/files\/2017-07\/MANUEL_FR_WEB.pdf<\/a><\/h3>\n<p><strong>Abstract: <\/strong><!--more--><\/p>\n<blockquote>\n<div>Le Service social international (SSI) pr\u00f4ne une solidarit\u00e9 internationale ainsi qu\u2019une prise en charge responsable et respectueuse des droits de l\u2019enfant dans et entre les pays pour mieux r\u00e9pondre \u00e0 leurs besoins. \u00c0 cet effet, il rejoint les principes internationaux en la mati\u00e8re, dont il est l\u2019un des contributeurs. Le SSI rappelle notamment que les enfants concern\u00e9-e-s par la mobilit\u00e9 ou par la migration doivent \u00eatre consid\u00e9r\u00e9-e-s comme des enfants d\u2019abord et avant tout, et que toute action les concernant doit se fonder, en premier lieu, sur leur int\u00e9r\u00eat sup\u00e9rieur.<\/div>\n<\/blockquote>\n<p>&nbsp;<\/p>\n","protected":false},"excerpt":{"rendered":"<p>Author(s) : Service social international Source : https:\/\/www.ssi-schweiz.org\/sites\/default\/files\/2017-07\/MANUEL_FR_WEB.pdf Abstract:<\/p>\n","protected":false},"author":4,"featured_media":0,"comment_status":"open","ping_status":"open","sticky":false,"template":"","format":"standard","meta":{"_kadence_starter_templates_imported_post":false,"_kad_post_transparent":"","_kad_post_title":"","_kad_post_layout":"","_kad_post_sidebar_id":"","_kad_post_content_style":"","_kad_post_vertical_padding":"","_kad_post_feature":"","_kad_post_feature_position":"","_kad_post_header":false,"_kad_post_footer":false,"_kad_post_classname":"","jetpack_post_was_ever_published":false,"_jetpack_newsletter_access":"","_jetpack_dont_email_post_to_subs":false,"_jetpack_newsletter_tier_id":0,"_jetpack_memberships_contains_paywalled_content":false,"_jetpack_memberships_contains_paid_content":false,"footnotes":""},"categories":[24],"tags":[48,52,128,325,249,401,64],"class_list":["post-2324","post","type-post","status-publish","format-standard","hentry","category-society-family-racism","tag-48","tag-french-language","tag-human-rights","tag-methodology","tag-report","tag-social-workers","tag-unaccompanied-minors"],"jetpack_featured_media_url":"","jetpack_sharing_enabled":true,"_links":{"self":[{"href":"https:\/\/swissmig.unine.ch\/index.php?rest_route=\/wp\/v2\/posts\/2324","targetHints":{"allow":["GET"]}}],"collection":[{"href":"https:\/\/swissmig.unine.ch\/index.php?rest_route=\/wp\/v2\/posts"}],"about":[{"href":"https:\/\/swissmig.unine.ch\/index.php?rest_route=\/wp\/v2\/types\/post"}],"author":[{"embeddable":true,"href":"https:\/\/swissmig.unine.ch\/index.php?rest_route=\/wp\/v2\/users\/4"}],"replies":[{"embeddable":true,"href":"https:\/\/swissmig.unine.ch\/index.php?rest_route=%2Fwp%2Fv2%2Fcomments&post=2324"}],"version-history":[{"count":0,"href":"https:\/\/swissmig.unine.ch\/index.php?rest_route=\/wp\/v2\/posts\/2324\/revisions"}],"wp:attachment":[{"href":"https:\/\/swissmig.unine.ch\/index.php?rest_route=%2Fwp%2Fv2%2Fmedia&parent=2324"}],"wp:term":[{"taxonomy":"category","embeddable":true,"href":"https:\/\/swissmig.unine.ch\/index.php?rest_route=%2Fwp%2Fv2%2Fcategories&post=2324"},{"taxonomy":"post_tag","embeddable":true,"href":"https:\/\/swissmig.unine.ch\/index.php?rest_route=%2Fwp%2Fv2%2Ftags&post=2324"}],"curies":[{"name":"wp","href":"https:\/\/api.w.org\/{rel}","templated":true}]}}