{"id":2318,"date":"2018-07-20T13:53:41","date_gmt":"2018-07-20T12:53:41","guid":{"rendered":"https:\/\/swissmig.wordpress.com\/?p=2318"},"modified":"2018-07-20T13:53:41","modified_gmt":"2018-07-20T12:53:41","slug":"inegalites-spatiales-de-mortalite-en-suisse-linfluence-des-contextes-sur-les-differentiels-entre-natifs-et-migrants","status":"publish","type":"post","link":"https:\/\/swissmig.unine.ch\/?p=2318","title":{"rendered":"In\u00e9galit\u00e9s spatiales de mortalit\u00e9 en Suisse : l\u2019influence des contextes sur les diff\u00e9rentiels entre natifs et migrants"},"content":{"rendered":"<h3>Author(s) : <strong>Jonathan <span class=\"familyName\">Zufferey<\/span>, Michel <span class=\"familyName\">Oris<\/span><\/strong><\/h3>\n<h3>Source : <a href=\"https:\/\/dx.doi.org\/10.4000\/eps.7576\" target=\"_blank\" rel=\"noopener\">https:\/\/dx.doi.org\/10.4000\/eps.7576 <\/a><\/h3>\n<p><strong>Abstract: <\/strong><!--more--><\/p>\n<blockquote><p>Dans les soci\u00e9t\u00e9s postindustrielles contemporaines, les migrants ont g\u00e9n\u00e9ralement des risques de mortalit\u00e9 plus faibles que les natifs malgr\u00e9 des positions sociales tendanciellement plus basses. La recherche acad\u00e9mique peine toujours \u00e0 expliquer pleinement les origines de ce paradoxe. Bien que les facteurs individuels soient les causes fondamentales des in\u00e9galit\u00e9s face \u00e0 la mort, l\u2019influence de l\u2019environnement social, \u00e9conomique et culturel est aussi d\u00e9cisif. En prenant l\u2019exemple de la Suisse, cet article d\u00e9termine dans quelle mesure les contextes socio\u00e9conomique, culturel et g\u00e9ographique parviennent expliquer le diff\u00e9rentiel entre les natifs et les migrants. Par des mod\u00e8les bay\u00e9siens multiniveaux, les auteurs d\u00e9composent, pour chaque population, les in\u00e9galit\u00e9s spatiales de mortalit\u00e9 dans les communes et les quartiers Suisses.<\/p>\n<div class=\"index\">\n<h3>Mots-cl\u00e9s\u00a0:<\/h3>\n<p>mortalit\u00e9 spatiale, paradoxe de la mortalit\u00e9 des migrants, quartier, Suisse<\/p><\/div>\n<div class=\"index\">\n<h3><span lang=\"en\" xml:lang=\"en\">Spatial differentials in mortality in Switzerland: How do contexts explain the differences between natives and migrants?<\/span><\/h3>\n<p><span lang=\"en\" xml:lang=\"en\">In Western societies, migrants are known to have lower mortality risks than natives although they are characterized by a lower socioeconomic status. Academic research has found some explanations, but the causes of the migrant mortality paradox are still partially unknown. Individual factors are generally seen as the fundamental causes of death, but recent research showed that social, economic and cultural environments also produce inequalities in mortality. This article aims at determining the influence of socioeconomic, cultural and geographic contexts in explaining the mortality differences between migrants and natives. In running multilevel bayesian models, the authors decompose spatial inequalities in mortality between migrants and natives within Swiss municipalities and neighborhoods. <\/span><\/p>\n<h3>Keywords\u00a0:<\/h3>\n<p>spatial mortality, migrant mortality paradox, neighborhood, Switzerland<\/p><\/div>\n<\/blockquote>\n<p>&nbsp;<\/p>\n","protected":false},"excerpt":{"rendered":"<p>Author(s) : Jonathan Zufferey, Michel Oris Source : https:\/\/dx.doi.org\/10.4000\/eps.7576 Abstract:<\/p>\n","protected":false},"author":4,"featured_media":0,"comment_status":"open","ping_status":"open","sticky":false,"template":"","format":"standard","meta":{"_kadence_starter_templates_imported_post":false,"_kad_post_transparent":"","_kad_post_title":"","_kad_post_layout":"","_kad_post_sidebar_id":"","_kad_post_content_style":"","_kad_post_vertical_padding":"","_kad_post_feature":"","_kad_post_feature_position":"","_kad_post_header":false,"_kad_post_footer":false,"_kad_post_classname":"","jetpack_post_was_ever_published":false,"_jetpack_newsletter_access":"","_jetpack_dont_email_post_to_subs":false,"_jetpack_newsletter_tier_id":0,"_jetpack_memberships_contains_paywalled_content":false,"_jetpack_memberships_contains_paid_content":false,"footnotes":""},"categories":[277],"tags":[285,7,52,350,266,413,47,578],"class_list":["post-2318","post","type-post","status-publish","format-standard","hentry","category-demography-statistics","tag-285","tag-article","tag-french-language","tag-health-inequalities","tag-mortality","tag-neighborhood","tag-social-inequalities","tag-spatial-inequalities"],"jetpack_featured_media_url":"","jetpack_sharing_enabled":true,"_links":{"self":[{"href":"https:\/\/swissmig.unine.ch\/index.php?rest_route=\/wp\/v2\/posts\/2318","targetHints":{"allow":["GET"]}}],"collection":[{"href":"https:\/\/swissmig.unine.ch\/index.php?rest_route=\/wp\/v2\/posts"}],"about":[{"href":"https:\/\/swissmig.unine.ch\/index.php?rest_route=\/wp\/v2\/types\/post"}],"author":[{"embeddable":true,"href":"https:\/\/swissmig.unine.ch\/index.php?rest_route=\/wp\/v2\/users\/4"}],"replies":[{"embeddable":true,"href":"https:\/\/swissmig.unine.ch\/index.php?rest_route=%2Fwp%2Fv2%2Fcomments&post=2318"}],"version-history":[{"count":0,"href":"https:\/\/swissmig.unine.ch\/index.php?rest_route=\/wp\/v2\/posts\/2318\/revisions"}],"wp:attachment":[{"href":"https:\/\/swissmig.unine.ch\/index.php?rest_route=%2Fwp%2Fv2%2Fmedia&parent=2318"}],"wp:term":[{"taxonomy":"category","embeddable":true,"href":"https:\/\/swissmig.unine.ch\/index.php?rest_route=%2Fwp%2Fv2%2Fcategories&post=2318"},{"taxonomy":"post_tag","embeddable":true,"href":"https:\/\/swissmig.unine.ch\/index.php?rest_route=%2Fwp%2Fv2%2Ftags&post=2318"}],"curies":[{"name":"wp","href":"https:\/\/api.w.org\/{rel}","templated":true}]}}