{"id":23139,"date":"2021-01-11T08:00:00","date_gmt":"2021-01-11T07:00:00","guid":{"rendered":"https:\/\/swissmig.wordpress.com\/?p=23139"},"modified":"2021-01-11T08:00:00","modified_gmt":"2021-01-11T07:00:00","slug":"les-discriminations-liees-a-lorigine-nationale-ou-ethnique-sur-le-marche-du-travail-en-suisse-quelle-realite-quels-remedes","status":"publish","type":"post","link":"https:\/\/swissmig.unine.ch\/?p=23139","title":{"rendered":"Les discriminations li\u00e9es \u00e0 l\u2019origine nationale ou ethnique sur le march\u00e9 du travail en Suisse: quelle r\u00e9alit\u00e9, quels rem\u00e8des?"},"content":{"rendered":"<h3>Author(s) : Bo\u00ebl Sambuc<\/h3>\n<h3>Source : (p. 9) <a href=\"https:\/\/www.ekr.admin.ch\/pdf\/Tangram_11.pdf\" target=\"_blank\" rel=\"noopener\">https:\/\/www.ekr.admin.ch\/pdf\/Tangram_11.pdf<\/a><\/h3>\n<p><strong>Abstract: <\/strong><!--more--><\/p>\n<blockquote>\n<div class=\"hlFld-Abstract\">\n<div class=\"abstractSection abstractInFull\">&#8220;En s\u2019interrogeant de fa\u00e7on approfondie sur l\u2019existence du racisme sur le march\u00e9 du travail en Suisse et sur ses diff\u00e9rentes manifestations, la CFR entend ouvrir un nouveau chantier, en sa qualit\u00e9 d\u2019institution nationale charg\u00e9e de pr\u00e9venir et de lutter contre le racisme, la x\u00e9nophobie et l\u2019intol\u00e9rance dans la soci\u00e9t\u00e9.&#8221;<\/div>\n<div><\/div>\n<div class=\"abstractSection abstractInFull\">\n<div id=\"articleAbstract\"><strong>Keywords<\/strong>: labour market, ethnic discrimination, racism, economic integration, equal opportunities, nationalism<\/div>\n<div><\/div>\n<\/div>\n<\/div>\n<\/blockquote>\n","protected":false},"excerpt":{"rendered":"<p>Author(s) : Bo\u00ebl Sambuc Source : (p. 9) https:\/\/www.ekr.admin.ch\/pdf\/Tangram_11.pdf Abstract:<\/p>\n","protected":false},"author":4,"featured_media":0,"comment_status":"open","ping_status":"open","sticky":false,"template":"","format":"standard","meta":{"_kadence_starter_templates_imported_post":false,"_kad_post_transparent":"","_kad_post_title":"","_kad_post_layout":"","_kad_post_sidebar_id":"","_kad_post_content_style":"","_kad_post_vertical_padding":"","_kad_post_feature":"","_kad_post_feature_position":"","_kad_post_header":false,"_kad_post_footer":false,"_kad_post_classname":"","jetpack_post_was_ever_published":false,"_jetpack_newsletter_access":"","_jetpack_dont_email_post_to_subs":false,"_jetpack_newsletter_tier_id":0,"_jetpack_memberships_contains_paywalled_content":false,"_jetpack_memberships_contains_paid_content":false,"footnotes":""},"categories":[16],"tags":[101,50,92,176,79,82,121,52,19,174,334,103,91,616],"class_list":["post-23139","post","type-post","status-publish","format-standard","hentry","category-economics","tag-101","tag-asylum-seekers","tag-country-of-origin","tag-economic-integration","tag-equal-opportunities","tag-ethnic-discrimination","tag-ethnic-minorities","tag-french-language","tag-labour-market","tag-nationalism","tag-racism","tag-refugees","tag-social-integration","tag-workplace"],"jetpack_featured_media_url":"","jetpack_sharing_enabled":true,"_links":{"self":[{"href":"https:\/\/swissmig.unine.ch\/index.php?rest_route=\/wp\/v2\/posts\/23139","targetHints":{"allow":["GET"]}}],"collection":[{"href":"https:\/\/swissmig.unine.ch\/index.php?rest_route=\/wp\/v2\/posts"}],"about":[{"href":"https:\/\/swissmig.unine.ch\/index.php?rest_route=\/wp\/v2\/types\/post"}],"author":[{"embeddable":true,"href":"https:\/\/swissmig.unine.ch\/index.php?rest_route=\/wp\/v2\/users\/4"}],"replies":[{"embeddable":true,"href":"https:\/\/swissmig.unine.ch\/index.php?rest_route=%2Fwp%2Fv2%2Fcomments&post=23139"}],"version-history":[{"count":0,"href":"https:\/\/swissmig.unine.ch\/index.php?rest_route=\/wp\/v2\/posts\/23139\/revisions"}],"wp:attachment":[{"href":"https:\/\/swissmig.unine.ch\/index.php?rest_route=%2Fwp%2Fv2%2Fmedia&parent=23139"}],"wp:term":[{"taxonomy":"category","embeddable":true,"href":"https:\/\/swissmig.unine.ch\/index.php?rest_route=%2Fwp%2Fv2%2Fcategories&post=23139"},{"taxonomy":"post_tag","embeddable":true,"href":"https:\/\/swissmig.unine.ch\/index.php?rest_route=%2Fwp%2Fv2%2Ftags&post=23139"}],"curies":[{"name":"wp","href":"https:\/\/api.w.org\/{rel}","templated":true}]}}