{"id":2306,"date":"2018-07-10T15:32:27","date_gmt":"2018-07-10T14:32:27","guid":{"rendered":"https:\/\/swissmig.wordpress.com\/?p=2306"},"modified":"2018-07-10T15:32:27","modified_gmt":"2018-07-10T14:32:27","slug":"entscheidungen-uber-leben-und-tod-die-behordliche-praxis-in-der-schweizerischen-fluchtlingspolitik-wahrend-des-zweiten-weltkrieges","status":"publish","type":"post","link":"https:\/\/swissmig.unine.ch\/?p=2306","title":{"rendered":"Entscheidungen \u00fcber Leben und Tod. Die beh\u00f6rdliche Praxis in der schweizerischen Fl\u00fcchtlingspolitik w\u00e4hrend des Zweiten Weltkrieges"},"content":{"rendered":"<h3>Author(s) : Guido Koller<\/h3>\n<h3>Source : <a href=\"https:\/\/www.amtsdruckschriften.bar.admin.ch\/viewOrigDoc\/80000195.pdf?ID=80000195\" target=\"_blank\" rel=\"noopener\">https:\/\/www.amtsdruckschriften.bar.admin.ch\/viewOrigDoc\/80000195.pdf?ID=80000195<\/a><\/h3>\n<p><strong>Abstract: <\/strong><span id=\"more-2294\"><\/span><\/p>\n<blockquote>\n<section id=\"Abs1\" class=\"Abstract\" lang=\"en\">\n<div>\n<div>\n<div>Die schweizerische Fl\u00fcchtlingspolitik im Zweiten Weltkrieg als vergangener Ereigniszusammenhang ist Geschichte. Und doch l\u00e4sst sie sich nicht als ein Geschehen unter andern in den Lauf der Geschichte einordnen. Die Fl\u00fcchtlingspolitik hat eine Nachgeschichte. Sie ist an moralische Implikationen<\/div>\n<div>gebunden, die sich nicht in die Vergangenheit bannen lassen. Damit tut sich die Schweizer Gesellschaft nach wie vor schwer. Dies zeigen etwa die Diskussionen dar\u00fcber, wie die offizielle Schweiz den f\u00fcnfzigsten Jahrestag des Kriegsendes begehen soll. Oder auch die Reaktionen auf die Erkl\u00e4rung des Bundesrates, der am 8. Mai 1995 erstmals eine moralische Mitschuld der Schweiz am tragischen Schicksal abgewiesener j\u00fcdischer Fl\u00fcchtlinge eingestanden hat. Das Selbstbild der Schweizer Gesellschaft ist mit der Erinnerung an die Kriegsjahre durchdrungen. Tats\u00e4chlich manifestiert sich diese um so deutlicher, je weiter sie sich zeitlich von den damaligen Ereignissen entfernt. Diese Paradoxie l\u00f6st sich erst bei genauerem Hinsehen auf. Dabei ist die individuelle von der kollektiven Erinnerung zu trennen.<\/div>\n<\/div>\n<\/div>\n<\/section>\n<\/blockquote>\n<p><strong>\u00a0<\/strong><\/p>\n<p>&nbsp;<\/p>\n","protected":false},"excerpt":{"rendered":"<p>Author(s) : Guido Koller Source : https:\/\/www.amtsdruckschriften.bar.admin.ch\/viewOrigDoc\/80000195.pdf?ID=80000195 Abstract: Die schweizerische&#8230;<\/p>\n","protected":false},"author":4,"featured_media":0,"comment_status":"open","ping_status":"open","sticky":false,"template":"","format":"standard","meta":{"_kadence_starter_templates_imported_post":false,"_kad_post_transparent":"","_kad_post_title":"","_kad_post_layout":"","_kad_post_sidebar_id":"","_kad_post_content_style":"","_kad_post_vertical_padding":"","_kad_post_feature":"","_kad_post_feature_position":"","_kad_post_header":false,"_kad_post_footer":false,"_kad_post_classname":"","jetpack_post_was_ever_published":false,"_jetpack_newsletter_access":"","_jetpack_dont_email_post_to_subs":false,"_jetpack_newsletter_tier_id":0,"_jetpack_memberships_contains_paywalled_content":false,"_jetpack_memberships_contains_paid_content":false,"footnotes":""},"categories":[35],"tags":[577,7,49,73,90,198,422],"class_list":["post-2306","post","type-post","status-publish","format-standard","hentry","category-history","tag-577","tag-article","tag-asylum-policy","tag-german-language","tag-reception-policy","tag-second-world-war","tag-sociology"],"jetpack_featured_media_url":"","jetpack_sharing_enabled":true,"_links":{"self":[{"href":"https:\/\/swissmig.unine.ch\/index.php?rest_route=\/wp\/v2\/posts\/2306","targetHints":{"allow":["GET"]}}],"collection":[{"href":"https:\/\/swissmig.unine.ch\/index.php?rest_route=\/wp\/v2\/posts"}],"about":[{"href":"https:\/\/swissmig.unine.ch\/index.php?rest_route=\/wp\/v2\/types\/post"}],"author":[{"embeddable":true,"href":"https:\/\/swissmig.unine.ch\/index.php?rest_route=\/wp\/v2\/users\/4"}],"replies":[{"embeddable":true,"href":"https:\/\/swissmig.unine.ch\/index.php?rest_route=%2Fwp%2Fv2%2Fcomments&post=2306"}],"version-history":[{"count":0,"href":"https:\/\/swissmig.unine.ch\/index.php?rest_route=\/wp\/v2\/posts\/2306\/revisions"}],"wp:attachment":[{"href":"https:\/\/swissmig.unine.ch\/index.php?rest_route=%2Fwp%2Fv2%2Fmedia&parent=2306"}],"wp:term":[{"taxonomy":"category","embeddable":true,"href":"https:\/\/swissmig.unine.ch\/index.php?rest_route=%2Fwp%2Fv2%2Fcategories&post=2306"},{"taxonomy":"post_tag","embeddable":true,"href":"https:\/\/swissmig.unine.ch\/index.php?rest_route=%2Fwp%2Fv2%2Ftags&post=2306"}],"curies":[{"name":"wp","href":"https:\/\/api.w.org\/{rel}","templated":true}]}}