{"id":2276,"date":"2018-06-26T11:19:09","date_gmt":"2018-06-26T10:19:09","guid":{"rendered":"https:\/\/swissmig.wordpress.com\/?p=2276"},"modified":"2018-06-26T11:19:09","modified_gmt":"2018-06-26T10:19:09","slug":"la-question-des-refugies-dans-les-luttes-politiques-de-geneve-entre-1848-et-1857","status":"publish","type":"post","link":"https:\/\/swissmig.unine.ch\/?p=2276","title":{"rendered":"La question des r\u00e9fugi\u00e9s dans les luttes politiques de Gen\u00e8ve entre 1848 et 1857"},"content":{"rendered":"<h3>Author(s) : Marc Vuilleumier<\/h3>\n<h3>Source : <a href=\"https:\/\/www.amtsdruckschriften.bar.admin.ch\/viewOrigDoc\/80000241.pdf?id=80000241\" target=\"_blank\" rel=\"noopener\">https:\/\/www.amtsdruckschriften.bar.admin.ch\/viewOrigDoc\/80000241.pdf?id=80000241<\/a><\/h3>\n<p><strong>Abstract: <\/strong><!--more--><\/p>\n<blockquote>\n<section id=\"Abs1\" class=\"Abstract\" lang=\"en\">\n<div>&#8220;Les probl\u00e8mes pos\u00e9s par les r\u00e9fugi\u00e9s des r\u00e9volutions de 1848 et 1849 en Suisse ont souvent retenu l&#8217;attention des historiens. Leur \u00e9tude peut se faire de diff\u00e9rents points de vue, privil\u00e9giant certains aspects de la question: influence sur les relations de la Conf\u00e9d\u00e9ration avec les autres Etats (le plus fr\u00e9quemment retenu jusqu&#8217;ici); int\u00e9gration, assimilation et apport au pays de refuge; \u00e9tude de l&#8217;\u00e9migration elle-m\u00eame, dans ses diff\u00e9rentes composantes, dans ses luttes internes et dans ses efforts pour agir en direction de sa patrie. Ces divers aspects, bien s\u00fbr, ne sont pas ind\u00e9pendants les uns des autres, m\u00eame si l&#8217;on met l&#8217;accent sur l&#8217;un d&#8217;eux. Notre propos sera quelque peu diff\u00e9rent. Tout en tenant compte des points de vue mentionn\u00e9s plus haut, nous voudrions montrer comment les r\u00e9fugi\u00e9s ont pes\u00e9 dans les luttes politiques extr\u00eamement violentes qui d\u00e9chiraient Gen\u00e8ve \u00e0 la veille et au lendemain des r\u00e9volutions de 1848.&#8221;<\/div>\n<\/section>\n<\/blockquote>\n<div><\/div>\n<p>&nbsp;<\/p>\n","protected":false},"excerpt":{"rendered":"<p>Author(s) : Marc Vuilleumier Source : https:\/\/www.amtsdruckschriften.bar.admin.ch\/viewOrigDoc\/80000241.pdf?id=80000241 Abstract:<\/p>\n","protected":false},"author":4,"featured_media":0,"comment_status":"open","ping_status":"open","sticky":false,"template":"","format":"standard","meta":{"_kadence_starter_templates_imported_post":false,"_kad_post_transparent":"","_kad_post_title":"","_kad_post_layout":"","_kad_post_sidebar_id":"","_kad_post_content_style":"","_kad_post_vertical_padding":"","_kad_post_feature":"","_kad_post_feature_position":"","_kad_post_header":false,"_kad_post_footer":false,"_kad_post_classname":"","jetpack_post_was_ever_published":false,"_jetpack_newsletter_access":"","_jetpack_dont_email_post_to_subs":false,"_jetpack_newsletter_tier_id":0,"_jetpack_memberships_contains_paywalled_content":false,"_jetpack_memberships_contains_paid_content":false,"footnotes":""},"categories":[35],"tags":[425,32,137,52,341,218,94,124,103,416],"class_list":["post-2276","post","type-post","status-publish","format-standard","hentry","category-history","tag-425","tag-book-chapter","tag-emigration","tag-french-language","tag-geneva","tag-international-relations","tag-political-system","tag-protest-movements","tag-refugees","tag-violence"],"jetpack_featured_media_url":"","jetpack_sharing_enabled":true,"_links":{"self":[{"href":"https:\/\/swissmig.unine.ch\/index.php?rest_route=\/wp\/v2\/posts\/2276","targetHints":{"allow":["GET"]}}],"collection":[{"href":"https:\/\/swissmig.unine.ch\/index.php?rest_route=\/wp\/v2\/posts"}],"about":[{"href":"https:\/\/swissmig.unine.ch\/index.php?rest_route=\/wp\/v2\/types\/post"}],"author":[{"embeddable":true,"href":"https:\/\/swissmig.unine.ch\/index.php?rest_route=\/wp\/v2\/users\/4"}],"replies":[{"embeddable":true,"href":"https:\/\/swissmig.unine.ch\/index.php?rest_route=%2Fwp%2Fv2%2Fcomments&post=2276"}],"version-history":[{"count":0,"href":"https:\/\/swissmig.unine.ch\/index.php?rest_route=\/wp\/v2\/posts\/2276\/revisions"}],"wp:attachment":[{"href":"https:\/\/swissmig.unine.ch\/index.php?rest_route=%2Fwp%2Fv2%2Fmedia&parent=2276"}],"wp:term":[{"taxonomy":"category","embeddable":true,"href":"https:\/\/swissmig.unine.ch\/index.php?rest_route=%2Fwp%2Fv2%2Fcategories&post=2276"},{"taxonomy":"post_tag","embeddable":true,"href":"https:\/\/swissmig.unine.ch\/index.php?rest_route=%2Fwp%2Fv2%2Ftags&post=2276"}],"curies":[{"name":"wp","href":"https:\/\/api.w.org\/{rel}","templated":true}]}}