{"id":2266,"date":"2018-06-19T08:28:31","date_gmt":"2018-06-19T07:28:31","guid":{"rendered":"https:\/\/swissmig.wordpress.com\/?p=2266"},"modified":"2018-06-19T08:28:31","modified_gmt":"2018-06-19T07:28:31","slug":"emigration-et-colonisation-suisses-en-amerique-1815-1918-lamerique-centrale","status":"publish","type":"post","link":"https:\/\/swissmig.unine.ch\/?p=2266","title":{"rendered":"Emigration et colonisation suisses en Am\u00e9rique 1815-1918. L&#8217;Am\u00e9rique centrale"},"content":{"rendered":"<h3>Author(s) : G\u00e9rald Arlettaz<\/h3>\n<h3>Source : <a href=\"https:\/\/www.amtsdruckschriften.bar.admin.ch\/viewOrigDoc\/80000040.pdf?ID=80000040\" target=\"_blank\" rel=\"noopener\">https:\/\/www.amtsdruckschriften.bar.admin.ch\/viewOrigDoc\/80000040.pdf?ID=80000040<\/a><\/h3>\n<p><strong>Abstract: <\/strong><!--more--><\/p>\n<blockquote>\n<div id=\"articleAbstract\">\n<div>&#8220;Durant tout le XIXe si\u00e8cle, le Mexique, comme du reste l&#8217;ensemble des r\u00e9gions du continent am\u00e9ricain situ\u00e9es entre le 30\u00e8me degr\u00e9 de latitude nord et<\/div>\n<div>l&#8217;\u00e9quateur, ne se pr\u00eate gu\u00e8re \u00e0 l&#8217;immigration europ\u00e9enne: &#8220;A c\u00f4t\u00e9 des raisons climat\u00e9riques, il faut tenir compte du r\u00e9gime de louage d&#8217;ouvrage, qui tient le travailleur dans une sorte de suj\u00e9tion \u00e0 laquelle ne saurait se soumettre un Europ\u00e9en; la population indig\u00e8ne, d&#8217;autre part, est tr\u00e8s dense et travaille pour des prix excluant toute concurrence &#8230;&#8221; Il faut ajouter l&#8217;instabilit\u00e9 politique du r\u00e9gime et la x\u00e9nophobie de la population mexicaine. En revanche, l&#8217;Am\u00e9rique Centrale, dans son ensemble, est un march\u00e9 relativement important pour le commerce et les investissements europ\u00e9ens, suisses en particulier.&#8221;<\/div>\n<\/div>\n<\/blockquote>\n<div><\/div>\n<p>&nbsp;<\/p>\n","protected":false},"excerpt":{"rendered":"<p>Author(s) : G\u00e9rald Arlettaz Source : https:\/\/www.amtsdruckschriften.bar.admin.ch\/viewOrigDoc\/80000040.pdf?ID=80000040 Abstract:<\/p>\n","protected":false},"author":4,"featured_media":0,"comment_status":"open","ping_status":"open","sticky":false,"template":"","format":"standard","meta":{"_kadence_starter_templates_imported_post":false,"_kad_post_transparent":"","_kad_post_title":"","_kad_post_layout":"","_kad_post_sidebar_id":"","_kad_post_content_style":"","_kad_post_vertical_padding":"","_kad_post_feature":"","_kad_post_feature_position":"","_kad_post_header":false,"_kad_post_footer":false,"_kad_post_classname":"","jetpack_post_was_ever_published":false,"_jetpack_newsletter_access":"","_jetpack_dont_email_post_to_subs":false,"_jetpack_newsletter_tier_id":0,"_jetpack_memberships_contains_paywalled_content":false,"_jetpack_memberships_contains_paid_content":false,"footnotes":""},"categories":[35],"tags":[456,7,568,137,476,52,19,104,569],"class_list":["post-2266","post","type-post","status-publish","format-standard","hentry","category-history","tag-456","tag-article","tag-central-america","tag-emigration","tag-europeans","tag-french-language","tag-labour-market","tag-living-conditions","tag-mexico"],"jetpack_featured_media_url":"","jetpack_sharing_enabled":true,"_links":{"self":[{"href":"https:\/\/swissmig.unine.ch\/index.php?rest_route=\/wp\/v2\/posts\/2266","targetHints":{"allow":["GET"]}}],"collection":[{"href":"https:\/\/swissmig.unine.ch\/index.php?rest_route=\/wp\/v2\/posts"}],"about":[{"href":"https:\/\/swissmig.unine.ch\/index.php?rest_route=\/wp\/v2\/types\/post"}],"author":[{"embeddable":true,"href":"https:\/\/swissmig.unine.ch\/index.php?rest_route=\/wp\/v2\/users\/4"}],"replies":[{"embeddable":true,"href":"https:\/\/swissmig.unine.ch\/index.php?rest_route=%2Fwp%2Fv2%2Fcomments&post=2266"}],"version-history":[{"count":0,"href":"https:\/\/swissmig.unine.ch\/index.php?rest_route=\/wp\/v2\/posts\/2266\/revisions"}],"wp:attachment":[{"href":"https:\/\/swissmig.unine.ch\/index.php?rest_route=%2Fwp%2Fv2%2Fmedia&parent=2266"}],"wp:term":[{"taxonomy":"category","embeddable":true,"href":"https:\/\/swissmig.unine.ch\/index.php?rest_route=%2Fwp%2Fv2%2Fcategories&post=2266"},{"taxonomy":"post_tag","embeddable":true,"href":"https:\/\/swissmig.unine.ch\/index.php?rest_route=%2Fwp%2Fv2%2Ftags&post=2266"}],"curies":[{"name":"wp","href":"https:\/\/api.w.org\/{rel}","templated":true}]}}