{"id":2256,"date":"2018-06-15T15:32:43","date_gmt":"2018-06-15T14:32:43","guid":{"rendered":"https:\/\/swissmig.wordpress.com\/?p=2256"},"modified":"2018-06-15T15:32:43","modified_gmt":"2018-06-15T14:32:43","slug":"mobilite-reseaux-et-innovation-nouveau-paradigme-dans-la-recherche-sur-la-politique-migratoire","status":"publish","type":"post","link":"https:\/\/swissmig.unine.ch\/?p=2256","title":{"rendered":"Mobilit\u00e9, r\u00e9seaux et innovation. Nouveau paradigme dans la recherche sur la politique migratoire?"},"content":{"rendered":"<h3>Author(s) : Sandro Cattacin, Alexandrina Iremciuc<\/h3>\n<h3>Source : <a href=\"https:\/\/www.ceeol.com\/search\/article-detail?id=648501\" target=\"_blank\" rel=\"noopener\">https:\/\/www.ceeol.com\/search\/article-detail?id=648501<\/a><\/h3>\n<p><strong>Abstract: <\/strong><!--more--><\/p>\n<blockquote><p>Cet article retrace les tendances qui ont domin\u00e9 ces derni\u00e8res ann\u00e9es dans la recherche scientifique sur la politique migratoire. Il s&#8217;agit notamment des quatre tendances suivantes: (1) le passage de la perspective de migration \u00e0 celle de la mobilit\u00e9; (2) le changement du paradigme d&#8217;appartenance nationale en citoyennet\u00e9 multiple et urbaine; (3) le d\u00e9placement de l&#8217;approche de \u00ab l&#8217;emprise \u00e9trang\u00e8re \u00bb vers la perspective de l\u201finnovation; et, finalement, (4) le passage de la politique d&#8217;asile \u00e0 la coop\u00e9ration au d\u00e9veloppement. Ces tendances repr\u00e9sentent tout autant de d\u00e9fis en mati\u00e8re de politique migratoire en Europe, et c&#8217;est de ce point de vue qu&#8217;elles sont analys\u00e9es dans ce texte.<\/p><\/blockquote>\n<p>&nbsp;<\/p>\n","protected":false},"excerpt":{"rendered":"<p>Author(s) : Sandro Cattacin, Alexandrina Iremciuc Source : https:\/\/www.ceeol.com\/search\/article-detail?id=648501 Abstract:<\/p>\n","protected":false},"author":4,"featured_media":0,"comment_status":"open","ping_status":"open","sticky":false,"template":"","format":"standard","meta":{"_kadence_starter_templates_imported_post":false,"_kad_post_transparent":"","_kad_post_title":"","_kad_post_layout":"","_kad_post_sidebar_id":"","_kad_post_content_style":"","_kad_post_vertical_padding":"","_kad_post_feature":"","_kad_post_feature_position":"","_kad_post_header":false,"_kad_post_footer":false,"_kad_post_classname":"","jetpack_post_was_ever_published":false,"_jetpack_newsletter_access":"","_jetpack_dont_email_post_to_subs":false,"_jetpack_newsletter_tier_id":0,"_jetpack_memberships_contains_paywalled_content":false,"_jetpack_memberships_contains_paid_content":false,"footnotes":""},"categories":[12],"tags":[285,7,49,70,564,565,189,58,52,36,110],"class_list":["post-2256","post","type-post","status-publish","format-standard","hentry","category-politics","tag-285","tag-article","tag-asylum-policy","tag-citizenship","tag-development","tag-development-aid","tag-development-policy","tag-europe","tag-french-language","tag-migration-policy","tag-mobility"],"jetpack_featured_media_url":"","jetpack_sharing_enabled":true,"_links":{"self":[{"href":"https:\/\/swissmig.unine.ch\/index.php?rest_route=\/wp\/v2\/posts\/2256","targetHints":{"allow":["GET"]}}],"collection":[{"href":"https:\/\/swissmig.unine.ch\/index.php?rest_route=\/wp\/v2\/posts"}],"about":[{"href":"https:\/\/swissmig.unine.ch\/index.php?rest_route=\/wp\/v2\/types\/post"}],"author":[{"embeddable":true,"href":"https:\/\/swissmig.unine.ch\/index.php?rest_route=\/wp\/v2\/users\/4"}],"replies":[{"embeddable":true,"href":"https:\/\/swissmig.unine.ch\/index.php?rest_route=%2Fwp%2Fv2%2Fcomments&post=2256"}],"version-history":[{"count":0,"href":"https:\/\/swissmig.unine.ch\/index.php?rest_route=\/wp\/v2\/posts\/2256\/revisions"}],"wp:attachment":[{"href":"https:\/\/swissmig.unine.ch\/index.php?rest_route=%2Fwp%2Fv2%2Fmedia&parent=2256"}],"wp:term":[{"taxonomy":"category","embeddable":true,"href":"https:\/\/swissmig.unine.ch\/index.php?rest_route=%2Fwp%2Fv2%2Fcategories&post=2256"},{"taxonomy":"post_tag","embeddable":true,"href":"https:\/\/swissmig.unine.ch\/index.php?rest_route=%2Fwp%2Fv2%2Ftags&post=2256"}],"curies":[{"name":"wp","href":"https:\/\/api.w.org\/{rel}","templated":true}]}}