{"id":2246,"date":"2018-06-12T14:54:52","date_gmt":"2018-06-12T13:54:52","guid":{"rendered":"https:\/\/swissmig.wordpress.com\/?p=2246"},"modified":"2018-06-12T14:54:52","modified_gmt":"2018-06-12T13:54:52","slug":"citoyennete-nationalite-et-formation-nationale-en-suisse-1798-1925","status":"publish","type":"post","link":"https:\/\/swissmig.unine.ch\/?p=2246","title":{"rendered":"Citoyennet\u00e9, nationalit\u00e9 et formation nationale en Suisse 1798-1925"},"content":{"rendered":"<h3>Author(s) : Regula Argast<\/h3>\n<h3>Source : <a href=\"https:\/\/www.amtsdruckschriften.bar.admin.ch\/viewOrigDoc\/80000323.pdf?ID=80000323\" target=\"_blank\" rel=\"noopener\">https:\/\/www.amtsdruckschriften.bar.admin.ch\/viewOrigDoc\/80000323.pdf?ID=80000323<\/a><\/h3>\n<p><strong>Abstract: <\/strong><!--more--><\/p>\n<blockquote>\n<div>L&#8217;\u00e9volution de la citoyennet\u00e9 moderne &#8211; comprise ici en tant que nationalit\u00e9 avec les droits et obligations qui lui sont rattach\u00e9s &#8211; est \u00e9troitement li\u00e9e \u00e0 la formation nationale au niveau politique, social, \u00e9conomique et culturel. Cette contribution retrace, au fil des principales \u00e9tapes qui ont marqu\u00e9 l&#8217;\u00e9volution de la citoyennet\u00e9 suisse entre 1798 et 1925, la relation de d\u00e9pendance r\u00e9ciproque qui existe en Suisse entre la citoyennet\u00e9 et la formation nationale. La question est donc de d\u00e9terminer quelles sont les \u00e9tapes de l&#8217;\u00e9volution de la nationalit\u00e9 suisse et des droits civiques qui ont favoris\u00e9 ou au contraire g\u00ean\u00e9 la formation nationale et, inversement, de comprendre comment la formation nationale a influenc\u00e9 la nationalit\u00e9. Ce texte souhaite donc contribuer au travail d&#8217;explication et d&#8217;interpr\u00e9tation du changement historique qui est survenu dans ces relations, souvent encore analys\u00e9es comme une relation \u00e0 sens unique.<\/div>\n<div>\n<div>Cet article se consacre donc principalement \u00e0 deux aspects principaux parmi ceux qui, en Suisse, ont profond\u00e9ment marqu\u00e9 cette relation: le premier concerne la tension existant entre, d&#8217;un c\u00f4t\u00e9, le pouvoir \u00e9tatique centraliste et, de l&#8217;autre, les cantons et collectivit\u00e9s particularistes.<\/div>\n<\/div>\n<\/blockquote>\n<p>&nbsp;<\/p>\n","protected":false},"excerpt":{"rendered":"<p>Author(s) : Regula Argast Source : https:\/\/www.amtsdruckschriften.bar.admin.ch\/viewOrigDoc\/80000323.pdf?ID=80000323 Abstract:<\/p>\n","protected":false},"author":4,"featured_media":0,"comment_status":"open","ping_status":"open","sticky":false,"template":"","format":"standard","meta":{"_kadence_starter_templates_imported_post":false,"_kad_post_transparent":"","_kad_post_title":"","_kad_post_layout":"","_kad_post_sidebar_id":"","_kad_post_content_style":"","_kad_post_vertical_padding":"","_kad_post_feature":"","_kad_post_feature_position":"","_kad_post_header":false,"_kad_post_footer":false,"_kad_post_classname":"","jetpack_post_was_ever_published":false,"_jetpack_newsletter_access":"","_jetpack_dont_email_post_to_subs":false,"_jetpack_newsletter_tier_id":0,"_jetpack_memberships_contains_paywalled_content":false,"_jetpack_memberships_contains_paid_content":false,"footnotes":""},"categories":[35],"tags":[481,7,273,70,52,303,205,94],"class_list":["post-2246","post","type-post","status-publish","format-standard","hentry","category-history","tag-481","tag-article","tag-cantons","tag-citizenship","tag-french-language","tag-legal-aspects","tag-national-identity","tag-political-system"],"jetpack_featured_media_url":"","jetpack_sharing_enabled":true,"_links":{"self":[{"href":"https:\/\/swissmig.unine.ch\/index.php?rest_route=\/wp\/v2\/posts\/2246","targetHints":{"allow":["GET"]}}],"collection":[{"href":"https:\/\/swissmig.unine.ch\/index.php?rest_route=\/wp\/v2\/posts"}],"about":[{"href":"https:\/\/swissmig.unine.ch\/index.php?rest_route=\/wp\/v2\/types\/post"}],"author":[{"embeddable":true,"href":"https:\/\/swissmig.unine.ch\/index.php?rest_route=\/wp\/v2\/users\/4"}],"replies":[{"embeddable":true,"href":"https:\/\/swissmig.unine.ch\/index.php?rest_route=%2Fwp%2Fv2%2Fcomments&post=2246"}],"version-history":[{"count":0,"href":"https:\/\/swissmig.unine.ch\/index.php?rest_route=\/wp\/v2\/posts\/2246\/revisions"}],"wp:attachment":[{"href":"https:\/\/swissmig.unine.ch\/index.php?rest_route=%2Fwp%2Fv2%2Fmedia&parent=2246"}],"wp:term":[{"taxonomy":"category","embeddable":true,"href":"https:\/\/swissmig.unine.ch\/index.php?rest_route=%2Fwp%2Fv2%2Fcategories&post=2246"},{"taxonomy":"post_tag","embeddable":true,"href":"https:\/\/swissmig.unine.ch\/index.php?rest_route=%2Fwp%2Fv2%2Ftags&post=2246"}],"curies":[{"name":"wp","href":"https:\/\/api.w.org\/{rel}","templated":true}]}}