{"id":2240,"date":"2018-06-11T15:32:28","date_gmt":"2018-06-11T14:32:28","guid":{"rendered":"https:\/\/swissmig.wordpress.com\/?p=2240"},"modified":"2018-06-11T15:32:28","modified_gmt":"2018-06-11T14:32:28","slug":"suisse-blanche-vision-noire-ou-zone-grise-lambiguite-dans-les-debats-sur-lhistoire-de-la-suisse-pendant-la-seconde-guerre-mondiale","status":"publish","type":"post","link":"https:\/\/swissmig.unine.ch\/?p=2240","title":{"rendered":"Suisse blanche, \u00ab vision noire \u00bb ou \u00ab zone grise \u00bb ? L&#8217;ambigu\u00eft\u00e9 dans les d\u00e9bats sur l&#8217;histoire de la Suisse pendant la seconde guerre mondiale"},"content":{"rendered":"<h3>Author(s) : Marc Perrenoud<\/h3>\n<h3>Source : <a href=\"http:\/\/exil-ciph.com\/2016\/03\/03\/2016_suisse-blanche-vision-noire-ou-zone-grise-_perrenoud\/\" target=\"_blank\" rel=\"noopener\">http:\/\/exil-ciph.com\/2016\/03\/03\/2016_suisse-blanche-vision-noire-ou-zone-grise-_perrenoud\/<\/a><\/h3>\n<p><strong>Abstract: <\/strong><!--more--><\/p>\n<blockquote><p>Au cours des ann\u00e9es 1980 et 1990, les d\u00e9bats sur la Seconde Guerre mondiale ont fait \u00e9merger de nouveaux paradigmes et des concepts novateurs. Primo Levi a propos\u00e9 d\u2019analyser les ambigu\u00eft\u00e9s de la zone grise, qui s\u00e9pare et relie \u00e0 la fois le camp des ma\u00eetres et des esclaves. Dans ce contexte, de nouvelles analyses de la Suisse de 1933 \u00e0 1945 ont provoqu\u00e9 des d\u00e9bats, parfois virulents, sur la neutralit\u00e9, l\u2019arm\u00e9e et l\u2019identit\u00e9 nationale de la Suisse. Les prestations \u00e9conomiques et financi\u00e8res pour l\u2019Axe, les restrictions dans la politique d\u2019asile, les ambivalences de la politique humanitaire ont \u00e9t\u00e9 analys\u00e9es par des travaux historiques qui s\u2019\u00e9loignent des images propag\u00e9es apr\u00e8s 1945. Utiles \u00e0 la fois \u00e0 l\u2019Axe et aux Alli\u00e9s, aux nazis, aux fascistes et \u00e0 leurs victimes, la Suisse et les Suisses ont pu \u00e0 la fois s\u00e9parer et relier le camp des bourreaux et des victimes. Les ambigu\u00eft\u00e9s de cette zone grise n\u00e9cessitent des analyses sur le pass\u00e9 et sur le pr\u00e9sent, m\u00eame si elles provoquent de profondes divergences au sein de la soci\u00e9t\u00e9 suisse.<\/p><\/blockquote>\n<p>&nbsp;<\/p>\n","protected":false},"excerpt":{"rendered":"<p>Author(s) : Marc Perrenoud Source : http:\/\/exil-ciph.com\/2016\/03\/03\/2016_suisse-blanche-vision-noire-ou-zone-grise-_perrenoud\/ Abstract:<\/p>\n","protected":false},"author":4,"featured_media":0,"comment_status":"open","ping_status":"open","sticky":false,"template":"","format":"standard","meta":{"_kadence_starter_templates_imported_post":false,"_kad_post_transparent":"","_kad_post_title":"","_kad_post_layout":"","_kad_post_sidebar_id":"","_kad_post_content_style":"","_kad_post_vertical_padding":"","_kad_post_feature":"","_kad_post_feature_position":"","_kad_post_header":false,"_kad_post_footer":false,"_kad_post_classname":"","jetpack_post_was_ever_published":false,"_jetpack_newsletter_access":"","_jetpack_dont_email_post_to_subs":false,"_jetpack_newsletter_tier_id":0,"_jetpack_memberships_contains_paywalled_content":false,"_jetpack_memberships_contains_paid_content":false,"footnotes":""},"categories":[35],"tags":[14,49,514,152,52,271,366,205,94,103,198],"class_list":["post-2240","post","type-post","status-publish","format-standard","hentry","category-history","tag-14","tag-asylum-policy","tag-blog-article","tag-discourse","tag-french-language","tag-human-rights-violations","tag-jews","tag-national-identity","tag-political-system","tag-refugees","tag-second-world-war"],"jetpack_featured_media_url":"","jetpack_sharing_enabled":true,"_links":{"self":[{"href":"https:\/\/swissmig.unine.ch\/index.php?rest_route=\/wp\/v2\/posts\/2240","targetHints":{"allow":["GET"]}}],"collection":[{"href":"https:\/\/swissmig.unine.ch\/index.php?rest_route=\/wp\/v2\/posts"}],"about":[{"href":"https:\/\/swissmig.unine.ch\/index.php?rest_route=\/wp\/v2\/types\/post"}],"author":[{"embeddable":true,"href":"https:\/\/swissmig.unine.ch\/index.php?rest_route=\/wp\/v2\/users\/4"}],"replies":[{"embeddable":true,"href":"https:\/\/swissmig.unine.ch\/index.php?rest_route=%2Fwp%2Fv2%2Fcomments&post=2240"}],"version-history":[{"count":0,"href":"https:\/\/swissmig.unine.ch\/index.php?rest_route=\/wp\/v2\/posts\/2240\/revisions"}],"wp:attachment":[{"href":"https:\/\/swissmig.unine.ch\/index.php?rest_route=%2Fwp%2Fv2%2Fmedia&parent=2240"}],"wp:term":[{"taxonomy":"category","embeddable":true,"href":"https:\/\/swissmig.unine.ch\/index.php?rest_route=%2Fwp%2Fv2%2Fcategories&post=2240"},{"taxonomy":"post_tag","embeddable":true,"href":"https:\/\/swissmig.unine.ch\/index.php?rest_route=%2Fwp%2Fv2%2Ftags&post=2240"}],"curies":[{"name":"wp","href":"https:\/\/api.w.org\/{rel}","templated":true}]}}