{"id":2230,"date":"2018-06-07T17:02:45","date_gmt":"2018-06-07T16:02:45","guid":{"rendered":"https:\/\/swissmig.wordpress.com\/?p=2230"},"modified":"2018-06-07T17:02:45","modified_gmt":"2018-06-07T16:02:45","slug":"la-frontiere-mince-entre-accueil-et-rejet-le-cas-des-citoyens-naturalises-en-suisse","status":"publish","type":"post","link":"https:\/\/swissmig.unine.ch\/?p=2230","title":{"rendered":"La fronti\u00e8re mince entre accueil et rejet: le cas des citoyens naturalis\u00e9s en Suisse"},"content":{"rendered":"<h3>Author(s) : Emanuele Politi, Christian Staerkl\u00e9<\/h3>\n<h3>Source : <a href=\"https:\/\/www.researchgate.net\/publication\/315542041\" target=\"_blank\" rel=\"noopener\">https:\/\/www.researchgate.net\/publication\/315542041<\/a><\/h3>\n<p><strong>Abstract N\/A<\/strong><\/p>\n<p>&nbsp;<\/p>\n","protected":false},"excerpt":{"rendered":"<p>Author(s) : Emanuele Politi, Christian Staerkl\u00e9 Source : https:\/\/www.researchgate.net\/publication\/315542041 Abstract&#8230;<\/p>\n","protected":false},"author":4,"featured_media":0,"comment_status":"open","ping_status":"open","sticky":false,"template":"","format":"standard","meta":{"_kadence_starter_templates_imported_post":false,"_kad_post_transparent":"","_kad_post_title":"","_kad_post_layout":"","_kad_post_sidebar_id":"","_kad_post_content_style":"","_kad_post_vertical_padding":"","_kad_post_feature":"","_kad_post_feature_position":"","_kad_post_header":false,"_kad_post_footer":false,"_kad_post_classname":"","jetpack_post_was_ever_published":false,"_jetpack_newsletter_access":"","_jetpack_dont_email_post_to_subs":false,"_jetpack_newsletter_tier_id":0,"_jetpack_memberships_contains_paywalled_content":false,"_jetpack_memberships_contains_paid_content":false,"footnotes":""},"categories":[167],"tags":[48,32,70,151,52,205,93,91],"class_list":["post-2230","post","type-post","status-publish","format-standard","hentry","category-ethnicity-languages-religion-arts","tag-48","tag-book-chapter","tag-citizenship","tag-cultural-identity","tag-french-language","tag-national-identity","tag-naturalization","tag-social-integration"],"jetpack_featured_media_url":"","jetpack_sharing_enabled":true,"_links":{"self":[{"href":"https:\/\/swissmig.unine.ch\/index.php?rest_route=\/wp\/v2\/posts\/2230","targetHints":{"allow":["GET"]}}],"collection":[{"href":"https:\/\/swissmig.unine.ch\/index.php?rest_route=\/wp\/v2\/posts"}],"about":[{"href":"https:\/\/swissmig.unine.ch\/index.php?rest_route=\/wp\/v2\/types\/post"}],"author":[{"embeddable":true,"href":"https:\/\/swissmig.unine.ch\/index.php?rest_route=\/wp\/v2\/users\/4"}],"replies":[{"embeddable":true,"href":"https:\/\/swissmig.unine.ch\/index.php?rest_route=%2Fwp%2Fv2%2Fcomments&post=2230"}],"version-history":[{"count":0,"href":"https:\/\/swissmig.unine.ch\/index.php?rest_route=\/wp\/v2\/posts\/2230\/revisions"}],"wp:attachment":[{"href":"https:\/\/swissmig.unine.ch\/index.php?rest_route=%2Fwp%2Fv2%2Fmedia&parent=2230"}],"wp:term":[{"taxonomy":"category","embeddable":true,"href":"https:\/\/swissmig.unine.ch\/index.php?rest_route=%2Fwp%2Fv2%2Fcategories&post=2230"},{"taxonomy":"post_tag","embeddable":true,"href":"https:\/\/swissmig.unine.ch\/index.php?rest_route=%2Fwp%2Fv2%2Ftags&post=2230"}],"curies":[{"name":"wp","href":"https:\/\/api.w.org\/{rel}","templated":true}]}}