{"id":22290,"date":"2021-01-04T08:00:00","date_gmt":"2021-01-04T07:00:00","guid":{"rendered":"https:\/\/swissmig.wordpress.com\/?p=22290"},"modified":"2021-01-04T08:00:00","modified_gmt":"2021-01-04T07:00:00","slug":"du-marche-du-travail-des-requerants-dasile-et-des-personnes-admises-de-maniere-provisoire","status":"publish","type":"post","link":"https:\/\/swissmig.unine.ch\/?p=22290","title":{"rendered":"Du march\u00e9 du travail des requ\u00e9rants d\u2019asile et des personnes admises de mani\u00e8re provisoire"},"content":{"rendered":"<h3>Author(s) : Marcello Fontana<\/h3>\n<h3>Source : (p. 63) <a href=\"https:\/\/www.ekr.admin.ch\/pdf\/Tangram_11.pdf\" target=\"_blank\" rel=\"noopener\">https:\/\/www.ekr.admin.ch\/pdf\/Tangram_11.pdf<\/a><\/h3>\n<p><strong>Abstract: <\/strong><!--more--><\/p>\n<blockquote>\n<div class=\"hlFld-Abstract\">\n<div class=\"abstractSection abstractInFull\">&#8220;Les d\u00e9bats qui portent sur le domaine de l\u2019asile sont toujours tr\u00e8s passionnants. Mais quelles raisons poussent les requ\u00e9rants d\u2019asile \u00e0 venir en Suisse? Quel est le r\u00f4le jou\u00e9 par ces personnes sur le march\u00e9 du travail suisse? Quelles places occupent-ils? A quelles conditions? &#8220;<\/div>\n<div><\/div>\n<div class=\"abstractSection abstractInFull\">\n<div id=\"articleAbstract\"><strong>Keywords<\/strong>: asylum seekers, labour market, asylum policy, working conditions, economic integration, workplace, migration motives<\/div>\n<div><\/div>\n<\/div>\n<\/div>\n<\/blockquote>\n","protected":false},"excerpt":{"rendered":"<p>Author(s) : Marcello Fontana Source : (p. 63) https:\/\/www.ekr.admin.ch\/pdf\/Tangram_11.pdf Abstract:<\/p>\n","protected":false},"author":4,"featured_media":0,"comment_status":"open","ping_status":"open","sticky":false,"template":"","format":"standard","meta":{"_kadence_starter_templates_imported_post":false,"_kad_post_transparent":"","_kad_post_title":"","_kad_post_layout":"","_kad_post_sidebar_id":"","_kad_post_content_style":"","_kad_post_vertical_padding":"","_kad_post_feature":"","_kad_post_feature_position":"","_kad_post_header":false,"_kad_post_footer":false,"_kad_post_classname":"","jetpack_post_was_ever_published":false,"_jetpack_newsletter_access":"","_jetpack_dont_email_post_to_subs":false,"_jetpack_newsletter_tier_id":0,"_jetpack_memberships_contains_paywalled_content":false,"_jetpack_memberships_contains_paid_content":false,"footnotes":""},"categories":[16],"tags":[101,49,50,15,176,52,19,103,91,396,384,158,616],"class_list":["post-22290","post","type-post","status-publish","format-standard","hentry","category-economics","tag-101","tag-asylum-policy","tag-asylum-seekers","tag-economic-impact","tag-economic-integration","tag-french-language","tag-labour-market","tag-refugees","tag-social-integration","tag-work-permit","tag-workers","tag-working-conditions","tag-workplace"],"jetpack_featured_media_url":"","jetpack_sharing_enabled":true,"_links":{"self":[{"href":"https:\/\/swissmig.unine.ch\/index.php?rest_route=\/wp\/v2\/posts\/22290","targetHints":{"allow":["GET"]}}],"collection":[{"href":"https:\/\/swissmig.unine.ch\/index.php?rest_route=\/wp\/v2\/posts"}],"about":[{"href":"https:\/\/swissmig.unine.ch\/index.php?rest_route=\/wp\/v2\/types\/post"}],"author":[{"embeddable":true,"href":"https:\/\/swissmig.unine.ch\/index.php?rest_route=\/wp\/v2\/users\/4"}],"replies":[{"embeddable":true,"href":"https:\/\/swissmig.unine.ch\/index.php?rest_route=%2Fwp%2Fv2%2Fcomments&post=22290"}],"version-history":[{"count":0,"href":"https:\/\/swissmig.unine.ch\/index.php?rest_route=\/wp\/v2\/posts\/22290\/revisions"}],"wp:attachment":[{"href":"https:\/\/swissmig.unine.ch\/index.php?rest_route=%2Fwp%2Fv2%2Fmedia&parent=22290"}],"wp:term":[{"taxonomy":"category","embeddable":true,"href":"https:\/\/swissmig.unine.ch\/index.php?rest_route=%2Fwp%2Fv2%2Fcategories&post=22290"},{"taxonomy":"post_tag","embeddable":true,"href":"https:\/\/swissmig.unine.ch\/index.php?rest_route=%2Fwp%2Fv2%2Ftags&post=22290"}],"curies":[{"name":"wp","href":"https:\/\/api.w.org\/{rel}","templated":true}]}}