{"id":22284,"date":"2021-01-04T08:00:00","date_gmt":"2021-01-04T07:00:00","guid":{"rendered":"https:\/\/swissmig.wordpress.com\/?p=22284"},"modified":"2021-01-04T08:00:00","modified_gmt":"2021-01-04T07:00:00","slug":"inegalites-entre-suisses-et-immigres-consequences-de-la-politique-migratoire","status":"publish","type":"post","link":"https:\/\/swissmig.unine.ch\/?p=22284","title":{"rendered":"In\u00e9galit\u00e9s entre Suisses et immigr\u00e9s: cons\u00e9quences de la politique migratoire?"},"content":{"rendered":"<h3>Author(s) : Yves Fl\u00fcckiger<\/h3>\n<h3>Source : (p. 27) <a href=\"https:\/\/www.ekr.admin.ch\/pdf\/Tangram_11.pdf\" target=\"_blank\" rel=\"noopener\">https:\/\/www.ekr.admin.ch\/pdf\/Tangram_11.pdf<\/a><\/h3>\n<p><strong>Abstract: <\/strong><!--more--><\/p>\n<blockquote>\n<div class=\"hlFld-Abstract\">\n<div class=\"abstractSection abstractInFull\">&#8220;La politique migratoire men\u00e9e par la Suisse au cours des derni\u00e8res d\u00e9cennies a contribu\u00e9 \u00e0 maintenir une r\u00e9partition tr\u00e8s in\u00e9gale des travailleurs suisses et \u00e9trangers entre les diff\u00e9rents secteurs d\u2019activit\u00e9 \u00e9conomique ou les diverses positions hi\u00e9rarchiques. Elle a creus\u00e9 \u00e9galement des disparit\u00e9s de salaires importantes entre ces deux groupes de la population. Telles sont les conclusions issues d\u2019une vaste \u00e9tude men\u00e9e dans le cadre du PNR 39 par les universit\u00e9s de Gen\u00e8ve et de Neuch\u00e2tel sur le th\u00e8me de l\u2019\u00abInt\u00e9gration de la Population \u00e9trang\u00e8re en Suisse\u00bb.&#8221;<\/div>\n<div><\/div>\n<div class=\"abstractSection abstractInFull\">\n<div id=\"articleAbstract\"><strong>Keywords<\/strong>: ethnic discrimination, racism, comparative analysis, social integration, refugees, migration policy, labour market, integration policy<\/div>\n<div><\/div>\n<\/div>\n<\/div>\n<\/blockquote>\n","protected":false},"excerpt":{"rendered":"<p>Author(s) : Yves Fl\u00fcckiger Source : (p. 27) https:\/\/www.ekr.admin.ch\/pdf\/Tangram_11.pdf Abstract:<\/p>\n","protected":false},"author":4,"featured_media":0,"comment_status":"open","ping_status":"open","sticky":false,"template":"","format":"standard","meta":{"_kadence_starter_templates_imported_post":false,"_kad_post_transparent":"","_kad_post_title":"","_kad_post_layout":"","_kad_post_sidebar_id":"","_kad_post_content_style":"","_kad_post_vertical_padding":"","_kad_post_feature":"","_kad_post_feature_position":"","_kad_post_header":false,"_kad_post_footer":false,"_kad_post_classname":"","jetpack_post_was_ever_published":false,"_jetpack_newsletter_access":"","_jetpack_dont_email_post_to_subs":false,"_jetpack_newsletter_tier_id":0,"_jetpack_memberships_contains_paywalled_content":false,"_jetpack_memberships_contains_paid_content":false,"footnotes":""},"categories":[24],"tags":[101,57,82,52,387,19,36,334,103,47,91],"class_list":["post-22284","post","type-post","status-publish","format-standard","hentry","category-society-family-racism","tag-101","tag-comparative-analysis","tag-ethnic-discrimination","tag-french-language","tag-integration-policy","tag-labour-market","tag-migration-policy","tag-racism","tag-refugees","tag-social-inequalities","tag-social-integration"],"jetpack_featured_media_url":"","jetpack_sharing_enabled":true,"_links":{"self":[{"href":"https:\/\/swissmig.unine.ch\/index.php?rest_route=\/wp\/v2\/posts\/22284","targetHints":{"allow":["GET"]}}],"collection":[{"href":"https:\/\/swissmig.unine.ch\/index.php?rest_route=\/wp\/v2\/posts"}],"about":[{"href":"https:\/\/swissmig.unine.ch\/index.php?rest_route=\/wp\/v2\/types\/post"}],"author":[{"embeddable":true,"href":"https:\/\/swissmig.unine.ch\/index.php?rest_route=\/wp\/v2\/users\/4"}],"replies":[{"embeddable":true,"href":"https:\/\/swissmig.unine.ch\/index.php?rest_route=%2Fwp%2Fv2%2Fcomments&post=22284"}],"version-history":[{"count":0,"href":"https:\/\/swissmig.unine.ch\/index.php?rest_route=\/wp\/v2\/posts\/22284\/revisions"}],"wp:attachment":[{"href":"https:\/\/swissmig.unine.ch\/index.php?rest_route=%2Fwp%2Fv2%2Fmedia&parent=22284"}],"wp:term":[{"taxonomy":"category","embeddable":true,"href":"https:\/\/swissmig.unine.ch\/index.php?rest_route=%2Fwp%2Fv2%2Fcategories&post=22284"},{"taxonomy":"post_tag","embeddable":true,"href":"https:\/\/swissmig.unine.ch\/index.php?rest_route=%2Fwp%2Fv2%2Ftags&post=22284"}],"curies":[{"name":"wp","href":"https:\/\/api.w.org\/{rel}","templated":true}]}}