{"id":22261,"date":"2021-01-11T08:00:00","date_gmt":"2021-01-11T07:00:00","guid":{"rendered":"https:\/\/swissmig.wordpress.com\/?p=22261"},"modified":"2021-01-11T08:00:00","modified_gmt":"2021-01-11T07:00:00","slug":"les-demandeurs-dasile-sur-le-marche-du-travail-suisse-1996-2000","status":"publish","type":"post","link":"https:\/\/swissmig.unine.ch\/?p=22261","title":{"rendered":"Les demandeurs d&#8217;asile sur le march\u00e9 du travail suisse: 1996 &#8211; 2000"},"content":{"rendered":"<h3>Author(s) : Etienne Piguet, Jean-Hugues Ravel<\/h3>\n<h3>Source : <a href=\"https:\/\/libra.unine.ch\/handle\/123456789\/18023\" target=\"_blank\" rel=\"noopener\">https:\/\/libra.unine.ch\/handle\/123456789\/18023<\/a><\/h3>\n<p><strong>Abstract: <\/strong><!--more--><\/p>\n<blockquote>\n<div class=\"hlFld-Abstract\">\n<div class=\"abstractSection abstractInFull\">&#8220;Quel r\u00f4le les demandeurs d&#8217;asile jouent-ils dans l&#8217;\u00e9conomie suisse ? R\u00e9pondent-ils \u00e0 une demande sp\u00e9cifique de main-d&#8217;\u0153uvre ou restent-ils en marge du syst\u00e8me \u00e9conomique et \u00e0 la charge de l&#8217;assistance ? Cet ouvrage r\u00e9pond \u00e0 ces questions sur la base d&#8217;une analyse de l&#8217;occupation des 200&#8217;000 demandeurs d&#8217;asile ayant s\u00e9journ\u00e9 en Suisse entre 1996 et 2000. Trois th\u00e8mes sont trait\u00e9s en particulier : &#8211; L&#8217;importance des demandeurs d&#8217;asile comme source de main-d&#8217;\u0153uvre et les branches concern\u00e9es &#8211; Les diff\u00e9rences dans l&#8217;insertion sur le march\u00e9 du travail selon le sexe, l&#8217;origine, la dur\u00e9e de s\u00e9jour et une s\u00e9rie d&#8217;autres facteurs &#8211; La dynamique du march\u00e9 du travail et le rythme d&#8217;entr\u00e9e et sortie d&#8217;emploi des demandeurs d&#8217;asile. Cet ouvrage constitue une pi\u00e8ce importante au dossier de l&#8217;asile en Suisse. Il para\u00eet conjointement avec une \u00e9tude sur le m\u00eame th\u00e8me bas\u00e9e sur une enqu\u00eate aupr\u00e8s des employeurs de demandeurs d&#8217;asile (Piguet, E. and S. Losa (2002) : &#8220;Travailleurs de l&#8217;ombre ? Demande de main-d&#8217;\u0153uvre du domaine de l&#8217;asile et ampleur de l&#8217;emploi d&#8217;\u00e9trangers non d\u00e9clar\u00e9s en Suisse&#8221;, Zurich, Seismo).&#8221;<\/div>\n<div><\/div>\n<div class=\"abstractSection abstractInFull\">\n<div id=\"articleAbstract\"><strong>Keywords<\/strong>: asylum seekers, country of origin, economic impact, report, SFM Studies, statistical data, working conditions, economic integration, labour market<\/div>\n<div><\/div>\n<\/div>\n<\/div>\n<\/blockquote>\n","protected":false},"excerpt":{"rendered":"<p>Author(s) : Etienne Piguet, Jean-Hugues Ravel Source : https:\/\/libra.unine.ch\/handle\/123456789\/18023 Abstract:<\/p>\n","protected":false},"author":4,"featured_media":0,"comment_status":"open","ping_status":"open","sticky":false,"template":"","format":"standard","meta":{"_kadence_starter_templates_imported_post":false,"_kad_post_transparent":"","_kad_post_title":"","_kad_post_layout":"","_kad_post_sidebar_id":"","_kad_post_content_style":"","_kad_post_vertical_padding":"","_kad_post_feature":"","_kad_post_feature_position":"","_kad_post_header":false,"_kad_post_footer":false,"_kad_post_classname":"","jetpack_post_was_ever_published":false,"_jetpack_newsletter_access":"","_jetpack_dont_email_post_to_subs":false,"_jetpack_newsletter_tier_id":0,"_jetpack_memberships_contains_paywalled_content":false,"_jetpack_memberships_contains_paid_content":false,"footnotes":""},"categories":[16],"tags":[346,49,50,15,176,52,87,19,83,519,249,645,143,158],"class_list":["post-22261","post","type-post","status-publish","format-standard","hentry","category-economics","tag-346","tag-asylum-policy","tag-asylum-seekers","tag-economic-impact","tag-economic-integration","tag-french-language","tag-history","tag-labour-market","tag-labour-market-policy","tag-low-skilled-immigrants","tag-report","tag-sfm-studies","tag-statistical-data","tag-working-conditions"],"jetpack_featured_media_url":"","jetpack_sharing_enabled":true,"_links":{"self":[{"href":"https:\/\/swissmig.unine.ch\/index.php?rest_route=\/wp\/v2\/posts\/22261","targetHints":{"allow":["GET"]}}],"collection":[{"href":"https:\/\/swissmig.unine.ch\/index.php?rest_route=\/wp\/v2\/posts"}],"about":[{"href":"https:\/\/swissmig.unine.ch\/index.php?rest_route=\/wp\/v2\/types\/post"}],"author":[{"embeddable":true,"href":"https:\/\/swissmig.unine.ch\/index.php?rest_route=\/wp\/v2\/users\/4"}],"replies":[{"embeddable":true,"href":"https:\/\/swissmig.unine.ch\/index.php?rest_route=%2Fwp%2Fv2%2Fcomments&post=22261"}],"version-history":[{"count":0,"href":"https:\/\/swissmig.unine.ch\/index.php?rest_route=\/wp\/v2\/posts\/22261\/revisions"}],"wp:attachment":[{"href":"https:\/\/swissmig.unine.ch\/index.php?rest_route=%2Fwp%2Fv2%2Fmedia&parent=22261"}],"wp:term":[{"taxonomy":"category","embeddable":true,"href":"https:\/\/swissmig.unine.ch\/index.php?rest_route=%2Fwp%2Fv2%2Fcategories&post=22261"},{"taxonomy":"post_tag","embeddable":true,"href":"https:\/\/swissmig.unine.ch\/index.php?rest_route=%2Fwp%2Fv2%2Ftags&post=22261"}],"curies":[{"name":"wp","href":"https:\/\/api.w.org\/{rel}","templated":true}]}}