{"id":2226,"date":"2018-06-07T16:43:30","date_gmt":"2018-06-07T15:43:30","guid":{"rendered":"https:\/\/swissmig.wordpress.com\/?p=2226"},"modified":"2018-06-07T16:43:30","modified_gmt":"2018-06-07T15:43:30","slug":"lintegration-des-immigres-dans-les-pays-daccueil-ce-que-nous-savons-et-ce-qui-marche-integration-of-immigrants-in-host-countries-what-we-know-and-what-works","status":"publish","type":"post","link":"https:\/\/swissmig.unine.ch\/?p=2226","title":{"rendered":"L\u2019int\u00e9gration des immigr\u00e9s dans les pays d\u2019accueil: ce que nous savons et ce qui marche \/ Integration of immigrants in host countries: what we know and what works"},"content":{"rendered":"<h3>Author(s) : Tommaso Frattini<\/h3>\n<h3>Source : French: <a href=\"https:\/\/dx.doi.org\/10.3917\/edd.311.0105\" target=\"_blank\" rel=\"noopener\">https:\/\/dx.doi.org\/10.3917\/edd.311.0105<\/a><\/h3>\n<h3>English : <a href=\"https:\/\/www.cairn-int.info\/article-E_EDD_311_0105--integration-of-immigrants-in-host.htm\" target=\"_blank\" rel=\"noopener\">https:\/\/www.cairn-int.info\/article-E_EDD_311_0105&#8211;integration-of-immigrants-in-host.htm<\/a><\/h3>\n<p><strong>Abstract: <\/strong><!--more--><\/p>\n<blockquote><p>L\u2019int\u00e9gration des immigr\u00e9s est au c\u0153ur des pr\u00e9occupations politiques dans plusieurs pays. Cet article commence par pr\u00e9senter que, dans la plupart des pays europ\u00e9ens, les immigr\u00e9s sont consid\u00e9rablement d\u00e9favoris\u00e9s sur le march\u00e9 du travail par rapport aux natifs. Puis il s\u2019interroge sur la fa\u00e7on dont les politiques publiques peuvent affecter l\u2019int\u00e9gration des immigr\u00e9s. Premi\u00e8rement, nous passons en revue la litt\u00e9rature sur l\u2019efficacit\u00e9 des cours de langue et d\u2019introduction. Ensuite nous cherchons \u00e0 savoir comment diff\u00e9rents aspects du cadre de la politique migratoire peuvent d\u00e9terminer les modes d\u2019int\u00e9gration des immigr\u00e9s. En particulier, nous nous appuyons sur une revue de la litt\u00e9rature r\u00e9cente pour souligner le r\u00f4le de la dur\u00e9e du visa et de la pr\u00e9visibilit\u00e9 de la dur\u00e9e de la migration dans la d\u00e9cision des migrants d\u2019investir dans le capital humain et social propre au pays d\u2019accueil. En outre, nous discutons des implications pour la migration de r\u00e9fugi\u00e9s et nous nous int\u00e9ressons au r\u00f4le des r\u00e8gles d\u2019acquisition de la nationalit\u00e9. L\u2019article s\u2019ach\u00e8ve par un aper\u00e7u des cons\u00e9quences pour les pays d\u2019origine.<\/p>\n<p class=\"negative-left\">Mots-cl\u00e9s<\/p>\n<ul>\n<li><span class=\"motcle\">politique migratoire<\/span><\/li>\n<li><span class=\"motcle\">nationalit\u00e9<\/span><\/li>\n<li><span class=\"motcle\">migration de r\u00e9fugi\u00e9s<\/span><\/li>\n<\/ul>\n<p>&nbsp;<\/p>\n<p>Integration of immigrants is at the forefront of policy concerns in many countries. This paper starts by documenting that in most European countries immigrants face significant labour market disadvantages relative to natives. Then it discusses how public policies may affect immigrants\u2019 integration. First, we review the evidence on the effectiveness of language and introduction courses. Then, we discuss how different aspects of the migration policy framework may determine immigrants\u2019 integration patterns. In particular, based on a review of the recent literature, we highlight the role of visa length and of predictability about migration duration in shaping migrants\u2019 decisions on investments in country-specific human and social capital. Further, we discuss implications for refugee migration and also review the role of citizenship acquisition rules. The paper ends with an outlook of the consequences for sending countries.<\/p>\n<p class=\"negative-left\">Keywords<\/p>\n<ul class=\"inline-meta\">\n<li><span class=\"motcle\">migration policy<\/span><\/li>\n<li><span class=\"motcle\">citizenship<\/span><\/li>\n<li><span class=\"motcle\">refugee migration<\/span><\/li>\n<\/ul>\n<\/blockquote>\n<p>&nbsp;<\/p>\n","protected":false},"excerpt":{"rendered":"<p>Author(s) : Tommaso Frattini Source : French: https:\/\/dx.doi.org\/10.3917\/edd.311.0105 English :&#8230;<\/p>\n","protected":false},"author":4,"featured_media":0,"comment_status":"open","ping_status":"open","sticky":false,"template":"","format":"standard","meta":{"_kadence_starter_templates_imported_post":false,"_kad_post_transparent":"","_kad_post_title":"","_kad_post_layout":"","_kad_post_sidebar_id":"","_kad_post_content_style":"","_kad_post_vertical_padding":"","_kad_post_feature":"","_kad_post_feature_position":"","_kad_post_header":false,"_kad_post_footer":false,"_kad_post_classname":"","jetpack_post_was_ever_published":false,"_jetpack_newsletter_access":"","_jetpack_dont_email_post_to_subs":false,"_jetpack_newsletter_tier_id":0,"_jetpack_memberships_contains_paywalled_content":false,"_jetpack_memberships_contains_paid_content":false,"footnotes":""},"categories":[12],"tags":[48,7,70,92,176,9,52,387,19,83,36,93,103,91],"class_list":["post-2226","post","type-post","status-publish","format-standard","hentry","category-politics","tag-48","tag-article","tag-citizenship","tag-country-of-origin","tag-economic-integration","tag-english-language","tag-french-language","tag-integration-policy","tag-labour-market","tag-labour-market-policy","tag-migration-policy","tag-naturalization","tag-refugees","tag-social-integration"],"jetpack_featured_media_url":"","jetpack_sharing_enabled":true,"_links":{"self":[{"href":"https:\/\/swissmig.unine.ch\/index.php?rest_route=\/wp\/v2\/posts\/2226","targetHints":{"allow":["GET"]}}],"collection":[{"href":"https:\/\/swissmig.unine.ch\/index.php?rest_route=\/wp\/v2\/posts"}],"about":[{"href":"https:\/\/swissmig.unine.ch\/index.php?rest_route=\/wp\/v2\/types\/post"}],"author":[{"embeddable":true,"href":"https:\/\/swissmig.unine.ch\/index.php?rest_route=\/wp\/v2\/users\/4"}],"replies":[{"embeddable":true,"href":"https:\/\/swissmig.unine.ch\/index.php?rest_route=%2Fwp%2Fv2%2Fcomments&post=2226"}],"version-history":[{"count":0,"href":"https:\/\/swissmig.unine.ch\/index.php?rest_route=\/wp\/v2\/posts\/2226\/revisions"}],"wp:attachment":[{"href":"https:\/\/swissmig.unine.ch\/index.php?rest_route=%2Fwp%2Fv2%2Fmedia&parent=2226"}],"wp:term":[{"taxonomy":"category","embeddable":true,"href":"https:\/\/swissmig.unine.ch\/index.php?rest_route=%2Fwp%2Fv2%2Fcategories&post=2226"},{"taxonomy":"post_tag","embeddable":true,"href":"https:\/\/swissmig.unine.ch\/index.php?rest_route=%2Fwp%2Fv2%2Ftags&post=2226"}],"curies":[{"name":"wp","href":"https:\/\/api.w.org\/{rel}","templated":true}]}}