{"id":22248,"date":"2020-12-28T08:00:00","date_gmt":"2020-12-28T07:00:00","guid":{"rendered":"https:\/\/swissmig.wordpress.com\/?p=22248"},"modified":"2020-12-28T08:00:00","modified_gmt":"2020-12-28T07:00:00","slug":"evaluation-du-programme-global-migration-et-sante-de-loffice-federal-de-la-sante-publique","status":"publish","type":"post","link":"https:\/\/swissmig.unine.ch\/?p=22248","title":{"rendered":"Evaluation du programme global &#8220;migration et sant\u00e9&#8221; de l&#8217;Office f\u00e9d\u00e9ral de la sant\u00e9 publique"},"content":{"rendered":"<h3>Author(s) : Denise Efionayi-M\u00e4der, Milena Chimienti, Stefano Losa, Sandro Cattacin<\/h3>\n<h3>Source : <a href=\"https:\/\/libra.unine.ch\/handle\/123456789\/18009\" target=\"_blank\" rel=\"noopener\">https:\/\/libra.unine.ch\/handle\/123456789\/18009<\/a><\/h3>\n<p><strong>Abstract: <\/strong><!--more--><\/p>\n<blockquote>\n<div class=\"hlFld-Abstract\">\n<div class=\"abstractSection abstractInFull\">&#8220;Dans le pr\u00e9sent rapport le programme suisse dans le domaine &#8220;migration et sant\u00e9&#8221; est pr\u00e9sent\u00e9 et \u00e9valu\u00e9. Un positionnement international, une reconstruction historique des \u00e9tapes principales du d\u00e9veloppement et une \u00e9valuation des activit\u00e9s, des approches et du d\u00e9roulement organisationnel sont au centre de ce texte. Une attention particuli\u00e8re a \u00e9t\u00e9 port\u00e9e sur l\u2019analyse de l\u2019approche participative utilis\u00e9e par le programme pour la pr\u00e9vention.&#8221;<\/div>\n<div><\/div>\n<div class=\"abstractSection abstractInFull\">\n<div id=\"articleAbstract\"><strong>Keywords: <\/strong>demography, Health, health care, mental health, migration, programmes, report, SFM Studies, sociology, statistical data, prevention<\/div>\n<\/div>\n<\/div>\n<\/blockquote>\n","protected":false},"excerpt":{"rendered":"<p>Author(s) : Denise Efionayi-M\u00e4der, Milena Chimienti, Stefano Losa, Sandro Cattacin&#8230;<\/p>\n","protected":false},"author":4,"featured_media":0,"comment_status":"open","ping_status":"open","sticky":false,"template":"","format":"standard","meta":{"_kadence_starter_templates_imported_post":false,"_kad_post_transparent":"","_kad_post_title":"","_kad_post_layout":"","_kad_post_sidebar_id":"","_kad_post_content_style":"","_kad_post_vertical_padding":"","_kad_post_feature":"","_kad_post_feature_position":"","_kad_post_header":false,"_kad_post_footer":false,"_kad_post_classname":"","jetpack_post_was_ever_published":false,"_jetpack_newsletter_access":"","_jetpack_dont_email_post_to_subs":false,"_jetpack_newsletter_tier_id":0,"_jetpack_memberships_contains_paywalled_content":false,"_jetpack_memberships_contains_paid_content":false,"footnotes":""},"categories":[59],"tags":[101,556,7,191,52,157,185,66,295,681,249,645,422,143],"class_list":["post-22248","post","type-post","status-publish","format-standard","hentry","category-health","tag-101","tag-access-to-health-care","tag-article","tag-demography","tag-french-language","tag-health-care","tag-mental-health","tag-migration","tag-prevention","tag-programmes","tag-report","tag-sfm-studies","tag-sociology","tag-statistical-data"],"jetpack_featured_media_url":"","jetpack_sharing_enabled":true,"_links":{"self":[{"href":"https:\/\/swissmig.unine.ch\/index.php?rest_route=\/wp\/v2\/posts\/22248","targetHints":{"allow":["GET"]}}],"collection":[{"href":"https:\/\/swissmig.unine.ch\/index.php?rest_route=\/wp\/v2\/posts"}],"about":[{"href":"https:\/\/swissmig.unine.ch\/index.php?rest_route=\/wp\/v2\/types\/post"}],"author":[{"embeddable":true,"href":"https:\/\/swissmig.unine.ch\/index.php?rest_route=\/wp\/v2\/users\/4"}],"replies":[{"embeddable":true,"href":"https:\/\/swissmig.unine.ch\/index.php?rest_route=%2Fwp%2Fv2%2Fcomments&post=22248"}],"version-history":[{"count":0,"href":"https:\/\/swissmig.unine.ch\/index.php?rest_route=\/wp\/v2\/posts\/22248\/revisions"}],"wp:attachment":[{"href":"https:\/\/swissmig.unine.ch\/index.php?rest_route=%2Fwp%2Fv2%2Fmedia&parent=22248"}],"wp:term":[{"taxonomy":"category","embeddable":true,"href":"https:\/\/swissmig.unine.ch\/index.php?rest_route=%2Fwp%2Fv2%2Fcategories&post=22248"},{"taxonomy":"post_tag","embeddable":true,"href":"https:\/\/swissmig.unine.ch\/index.php?rest_route=%2Fwp%2Fv2%2Ftags&post=22248"}],"curies":[{"name":"wp","href":"https:\/\/api.w.org\/{rel}","templated":true}]}}