{"id":22217,"date":"2020-12-21T08:00:00","date_gmt":"2020-12-21T07:00:00","guid":{"rendered":"https:\/\/swissmig.wordpress.com\/?p=22217"},"modified":"2020-12-21T08:00:00","modified_gmt":"2020-12-21T07:00:00","slug":"primo-information-et-protection-contre-les-discriminations-etat-des-lieux-en-vue-de-lelaboration-dun-concept-vaudois","status":"publish","type":"post","link":"https:\/\/swissmig.unine.ch\/?p=22217","title":{"rendered":"Primo-information et protection contre les discriminations: Etat des lieux en vue de l&#8217;\u00e9laboration d&#8217;un concept vaudois"},"content":{"rendered":"<h3>Author(s) : Ilka Anita Steiner, Denise Efionayi-M\u00e4der, Silvia Sch\u00f6nenberger<\/h3>\n<h3>Source : <a href=\"https:\/\/libra.unine.ch\/handle\/123456789\/6516\" target=\"_blank\" rel=\"noopener\">https:\/\/libra.unine.ch\/handle\/123456789\/6516<\/a><\/h3>\n<p><strong>Abstract: <\/strong><!--more--><\/p>\n<blockquote>\n<div class=\"hlFld-Abstract\">\n<div class=\"abstractSection abstractInFull\">&#8220;Le Bureau cantonal pour l\u2019int\u00e9gration et la pr\u00e9vention du racisme du canton de Vaud (BCI) a mandat\u00e9 le SFM pour \u00e9valuer la situation concernant la primo-information et la protection contre les discriminations. L\u2019\u00e9tude dresse un inventaire des d\u00e9veloppements r\u00e9cents en la mati\u00e8re sur le plan international, suisse et vaudois ; elle pr\u00e9sente en outre une analyse quantitative du profil socio-d\u00e9mographique du public cible des mesures envisag\u00e9es. Sur cette base un suivi \u00e9valuatif de la mise en \u0153uvre du projet pilote \u00abPermanences Accueil-Info\u00bb a ensuite \u00e9t\u00e9 effectu\u00e9. Les diff\u00e9rents volets d\u2019analyse ont pour but de fournir aux acteurs concern\u00e9s des informations empiriques utiles en vue de l\u2019\u00e9laboration d\u2019un concept cantonal de primo-information, qui sera r\u00e9alis\u00e9 en collaboration avec les partenaires institutionnels et associatifs du canton de Vaud.&#8221;<\/div>\n<div><\/div>\n<div class=\"abstractSection abstractInFull\">\n<div id=\"articleAbstract\"><strong>Keywords: <\/strong>ethnic discrimination, SFM Studies, social protection, Vaud, integration policy, racism, integration programmes<\/div>\n<\/div>\n<\/div>\n<\/blockquote>\n","protected":false},"excerpt":{"rendered":"<p>Author(s) : Ilka Anita Steiner, Denise Efionayi-M\u00e4der, Silvia Sch\u00f6nenberger Source&#8230;<\/p>\n","protected":false},"author":4,"featured_media":0,"comment_status":"open","ping_status":"open","sticky":false,"template":"","format":"standard","meta":{"_kadence_starter_templates_imported_post":false,"_kad_post_transparent":"","_kad_post_title":"","_kad_post_layout":"","_kad_post_sidebar_id":"","_kad_post_content_style":"","_kad_post_vertical_padding":"","_kad_post_feature":"","_kad_post_feature_position":"","_kad_post_header":false,"_kad_post_footer":false,"_kad_post_classname":"","jetpack_post_was_ever_published":false,"_jetpack_newsletter_access":"","_jetpack_dont_email_post_to_subs":false,"_jetpack_newsletter_tier_id":0,"_jetpack_memberships_contains_paywalled_content":false,"_jetpack_memberships_contains_paid_content":false,"footnotes":""},"categories":[12],"tags":[255,82,52,17,387,160,334,249,645,641,370],"class_list":["post-22217","post","type-post","status-publish","format-standard","hentry","category-politics","tag-255","tag-ethnic-discrimination","tag-french-language","tag-immigrants","tag-integration-policy","tag-integration-programmes","tag-racism","tag-report","tag-sfm-studies","tag-social-protection","tag-vaud"],"jetpack_featured_media_url":"","jetpack_sharing_enabled":true,"_links":{"self":[{"href":"https:\/\/swissmig.unine.ch\/index.php?rest_route=\/wp\/v2\/posts\/22217","targetHints":{"allow":["GET"]}}],"collection":[{"href":"https:\/\/swissmig.unine.ch\/index.php?rest_route=\/wp\/v2\/posts"}],"about":[{"href":"https:\/\/swissmig.unine.ch\/index.php?rest_route=\/wp\/v2\/types\/post"}],"author":[{"embeddable":true,"href":"https:\/\/swissmig.unine.ch\/index.php?rest_route=\/wp\/v2\/users\/4"}],"replies":[{"embeddable":true,"href":"https:\/\/swissmig.unine.ch\/index.php?rest_route=%2Fwp%2Fv2%2Fcomments&post=22217"}],"version-history":[{"count":0,"href":"https:\/\/swissmig.unine.ch\/index.php?rest_route=\/wp\/v2\/posts\/22217\/revisions"}],"wp:attachment":[{"href":"https:\/\/swissmig.unine.ch\/index.php?rest_route=%2Fwp%2Fv2%2Fmedia&parent=22217"}],"wp:term":[{"taxonomy":"category","embeddable":true,"href":"https:\/\/swissmig.unine.ch\/index.php?rest_route=%2Fwp%2Fv2%2Fcategories&post=22217"},{"taxonomy":"post_tag","embeddable":true,"href":"https:\/\/swissmig.unine.ch\/index.php?rest_route=%2Fwp%2Fv2%2Ftags&post=22217"}],"curies":[{"name":"wp","href":"https:\/\/api.w.org\/{rel}","templated":true}]}}