{"id":22211,"date":"2020-12-21T08:00:00","date_gmt":"2020-12-21T07:00:00","guid":{"rendered":"https:\/\/swissmig.wordpress.com\/?p=22211"},"modified":"2020-12-21T08:00:00","modified_gmt":"2020-12-21T07:00:00","slug":"analyse-des-besoins-en-matiere-de-promotion-de-la-sante-et-de-prevention-pour-la-population-issue-de-la-migration-etat-des-lieux-pour-les-cantons-de-fribourg-de-neuchatel-et-du-jura","status":"publish","type":"post","link":"https:\/\/swissmig.unine.ch\/?p=22211","title":{"rendered":"Analyse des besoins en mati\u00e8re de promotion de la sant\u00e9 et de pr\u00e9vention pour la population issue de la migration: Etat des lieux pour les cantons de Fribourg, de Neuch\u00e2tel et du Jura"},"content":{"rendered":"<h3>Author(s) : Marcia Gil, Denise Efionayi-M\u00e4der, B\u00fclent Kaya, Marco Pecoraro, Michael Cordey<\/h3>\n<h3>Source : <a href=\"https:\/\/libra.unine.ch\/handle\/123456789\/20891\" target=\"_blank\" rel=\"noopener\">https:\/\/libra.unine.ch\/handle\/123456789\/20891<\/a><\/h3>\n<p><strong>Abstract: <\/strong><!--more--><\/p>\n<blockquote>\n<div class=\"hlFld-Abstract\">\n<div class=\"abstractSection abstractInFull\">&#8220;Dans le cadre du Programme national Migration et Sant\u00e9 de l\u2019Of\ufb01ce f\u00e9d\u00e9ral de la sant\u00e9 publique, les cantons de Fribourg, du Jura et de Neuch\u00e2tel ont d\u00e9cid\u00e9 d\u2019\u00e9valuer dans quelle mesure les offres g\u00e9n\u00e9rales de pr\u00e9vention et promotion de la sant\u00e9 permettent de toucher la population issue de la migration. La politique adopt\u00e9e dans les trois cantons fournit les bases pour d\u00e9velopper les activit\u00e9s futures a\ufb01n de mieux prendre en compte l\u2019\u00e9galit\u00e9 des chances de la population migrante. La prise de conscience des acteurs et intervenants quant \u00e0 la n\u00e9cessit\u00e9 d\u2019une ouverture transculturelle de l\u2019offre est tr\u00e8s variable. Quatre types de d\u00e9\ufb01s par rapport \u00e0 l\u2019accessibilit\u00e9 et l\u2019acceptabilit\u00e9 de l\u2019offre ont \u00e9t\u00e9 identi\ufb01\u00e9s : la langue reste pour certaines collectivit\u00e9s migrantes une barri\u00e8re r\u00e9elle, \u00abla culture\u00bb joue \ufb01nalement un r\u00f4le bien moins important que le discours m\u00e9diatique courant ne pourrait le laisser attendre. En revanche, la situation socio-\u00e9conomique, la trajectoire migratoire ou le statut l\u00e9gal des personnes restent des enjeux \u00e0 mieux prendre en consid\u00e9ration, de m\u00eame que la coop\u00e9ration interinstitutionnelle des professionnels.&#8221;<\/div>\n<div><\/div>\n<div class=\"abstractSection abstractInFull\">\n<div id=\"articleAbstract\"><strong>Keywords:<\/strong>access to health care, Fribourg, Health, health care, health inequalities, Jura, Neuch\u00e2tel, Primary health care, SFM Studies, refugees, preventive medicine, equal opportunities<\/div>\n<\/div>\n<\/div>\n<\/blockquote>\n","protected":false},"excerpt":{"rendered":"<p>Author(s) : Marcia Gil, Denise Efionayi-M\u00e4der, B\u00fclent Kaya, Marco Pecoraro,&#8230;<\/p>\n","protected":false},"author":4,"featured_media":0,"comment_status":"open","ping_status":"open","sticky":false,"template":"","format":"standard","meta":{"_kadence_starter_templates_imported_post":false,"_kad_post_transparent":"","_kad_post_title":"","_kad_post_layout":"","_kad_post_sidebar_id":"","_kad_post_content_style":"","_kad_post_vertical_padding":"","_kad_post_feature":"","_kad_post_feature_position":"","_kad_post_header":false,"_kad_post_footer":false,"_kad_post_classname":"","jetpack_post_was_ever_published":false,"_jetpack_newsletter_access":"","_jetpack_dont_email_post_to_subs":false,"_jetpack_newsletter_tier_id":0,"_jetpack_memberships_contains_paywalled_content":false,"_jetpack_memberships_contains_paid_content":false,"footnotes":""},"categories":[59],"tags":[255,556,79,52,429,157,350,364,284,442,581,103,645],"class_list":["post-22211","post","type-post","status-publish","format-standard","hentry","category-health","tag-255","tag-access-to-health-care","tag-equal-opportunities","tag-french-language","tag-fribourg","tag-health-care","tag-health-inequalities","tag-jura","tag-neuchatel","tag-preventive-medicine","tag-primary-health-care","tag-refugees","tag-sfm-studies"],"jetpack_featured_media_url":"","jetpack_sharing_enabled":true,"_links":{"self":[{"href":"https:\/\/swissmig.unine.ch\/index.php?rest_route=\/wp\/v2\/posts\/22211","targetHints":{"allow":["GET"]}}],"collection":[{"href":"https:\/\/swissmig.unine.ch\/index.php?rest_route=\/wp\/v2\/posts"}],"about":[{"href":"https:\/\/swissmig.unine.ch\/index.php?rest_route=\/wp\/v2\/types\/post"}],"author":[{"embeddable":true,"href":"https:\/\/swissmig.unine.ch\/index.php?rest_route=\/wp\/v2\/users\/4"}],"replies":[{"embeddable":true,"href":"https:\/\/swissmig.unine.ch\/index.php?rest_route=%2Fwp%2Fv2%2Fcomments&post=22211"}],"version-history":[{"count":0,"href":"https:\/\/swissmig.unine.ch\/index.php?rest_route=\/wp\/v2\/posts\/22211\/revisions"}],"wp:attachment":[{"href":"https:\/\/swissmig.unine.ch\/index.php?rest_route=%2Fwp%2Fv2%2Fmedia&parent=22211"}],"wp:term":[{"taxonomy":"category","embeddable":true,"href":"https:\/\/swissmig.unine.ch\/index.php?rest_route=%2Fwp%2Fv2%2Fcategories&post=22211"},{"taxonomy":"post_tag","embeddable":true,"href":"https:\/\/swissmig.unine.ch\/index.php?rest_route=%2Fwp%2Fv2%2Ftags&post=22211"}],"curies":[{"name":"wp","href":"https:\/\/api.w.org\/{rel}","templated":true}]}}