{"id":22208,"date":"2020-12-21T08:00:00","date_gmt":"2020-12-21T07:00:00","guid":{"rendered":"https:\/\/swissmig.wordpress.com\/?p=22208"},"modified":"2020-12-21T08:00:00","modified_gmt":"2020-12-21T07:00:00","slug":"la-sante-des-populations-migrantes-en-suisse-une-analyse-des-donnees-du-gmm-le-role-du-profil-socioeconomique-sociodemographique-et-migratoire-sur-letat-de-sante-les-comportements-et-le-recours","status":"publish","type":"post","link":"https:\/\/swissmig.unine.ch\/?p=22208","title":{"rendered":"La sant\u00e9 des populations migrantes en Suisse : une analyse des donn\u00e9es du GMM: le r\u00f4le du profil socio\u00e9conomique, sociod\u00e9mographique et migratoire sur l&#8217;\u00e9tat de sant\u00e9, les comportements et le recours aux services de sant\u00e9"},"content":{"rendered":"<h3>Author(s) : Alexis Gabadinho, Philippe Wanner, Janine Dahinden<\/h3>\n<h3>Source : <a href=\"https:\/\/libra.unine.ch\/handle\/123456789\/17954\" target=\"_blank\" rel=\"noopener\">https:\/\/libra.unine.ch\/handle\/123456789\/17954<\/a><\/h3>\n<p><strong>Abstract: <\/strong><!--more--><\/p>\n<blockquote>\n<div class=\"hlFld-Abstract\">\n<div class=\"abstractSection abstractInFull\">&#8220;Le monitoring de la sant\u00e9 des migrants est une enqu\u00eate s\u2019inscrivant dans la strat\u00e9gie &#8220;migration et sant\u00e9&#8221; adopt\u00e9e par le Conseil f\u00e9d\u00e9ral en 2002. Elle vise \u00e0 recueillir des informations d\u00e9taill\u00e9es sur la sant\u00e9 de populations qui sont mal repr\u00e9sent\u00e9es dans les sources de statistiques g\u00e9n\u00e9ralement disponibles. Il s\u2019agit notamment de personnes ne ma\u00eetrisant pas une des langues nationales et des requ\u00e9rants d\u2019asile. Cette \u00e9tude pr\u00e9sente les r\u00e9sultats d\u2019une analyse statistique ayant pour objectif de mettre en \u00e9vidence le r\u00f4le du profil sociod\u00e9mographique, socio\u00e9conomique et migratoire sur l\u2019\u00e9tat de sant\u00e9, les comportements et facteurs de risque, les recours aux services de sant\u00e9, la pr\u00e9vention et le d\u00e9pistage des maladies. Elle \u00e9t\u00e9 mandat\u00e9e par l\u2019Office f\u00e9d\u00e9ral de la sant\u00e9 publique.&#8221;<\/div>\n<div><\/div>\n<div class=\"abstractSection abstractInFull\">\n<div id=\"articleAbstract\"><strong>Keywords: <\/strong>access to health care, Health, health care, migrants, SFM Studies, statistical data, asylum seekers, preventive medicine, health behavior<\/div>\n<\/div>\n<\/div>\n<\/blockquote>\n","protected":false},"excerpt":{"rendered":"<p>Author(s) : Alexis Gabadinho, Philippe Wanner, Janine Dahinden Source :&#8230;<\/p>\n","protected":false},"author":4,"featured_media":0,"comment_status":"open","ping_status":"open","sticky":false,"template":"","format":"standard","meta":{"_kadence_starter_templates_imported_post":false,"_kad_post_transparent":"","_kad_post_title":"","_kad_post_layout":"","_kad_post_sidebar_id":"","_kad_post_content_style":"","_kad_post_vertical_padding":"","_kad_post_feature":"","_kad_post_feature_position":"","_kad_post_header":false,"_kad_post_footer":false,"_kad_post_classname":"","jetpack_post_was_ever_published":false,"_jetpack_newsletter_access":"","_jetpack_dont_email_post_to_subs":false,"_jetpack_newsletter_tier_id":0,"_jetpack_memberships_contains_paywalled_content":false,"_jetpack_memberships_contains_paid_content":false,"footnotes":""},"categories":[59],"tags":[169,556,50,52,192,157,122,442,249,645,143],"class_list":["post-22208","post","type-post","status-publish","format-standard","hentry","category-health","tag-169","tag-access-to-health-care","tag-asylum-seekers","tag-french-language","tag-health-behavior","tag-health-care","tag-migrants","tag-preventive-medicine","tag-report","tag-sfm-studies","tag-statistical-data"],"jetpack_featured_media_url":"","jetpack_sharing_enabled":true,"_links":{"self":[{"href":"https:\/\/swissmig.unine.ch\/index.php?rest_route=\/wp\/v2\/posts\/22208","targetHints":{"allow":["GET"]}}],"collection":[{"href":"https:\/\/swissmig.unine.ch\/index.php?rest_route=\/wp\/v2\/posts"}],"about":[{"href":"https:\/\/swissmig.unine.ch\/index.php?rest_route=\/wp\/v2\/types\/post"}],"author":[{"embeddable":true,"href":"https:\/\/swissmig.unine.ch\/index.php?rest_route=\/wp\/v2\/users\/4"}],"replies":[{"embeddable":true,"href":"https:\/\/swissmig.unine.ch\/index.php?rest_route=%2Fwp%2Fv2%2Fcomments&post=22208"}],"version-history":[{"count":0,"href":"https:\/\/swissmig.unine.ch\/index.php?rest_route=\/wp\/v2\/posts\/22208\/revisions"}],"wp:attachment":[{"href":"https:\/\/swissmig.unine.ch\/index.php?rest_route=%2Fwp%2Fv2%2Fmedia&parent=22208"}],"wp:term":[{"taxonomy":"category","embeddable":true,"href":"https:\/\/swissmig.unine.ch\/index.php?rest_route=%2Fwp%2Fv2%2Fcategories&post=22208"},{"taxonomy":"post_tag","embeddable":true,"href":"https:\/\/swissmig.unine.ch\/index.php?rest_route=%2Fwp%2Fv2%2Ftags&post=22208"}],"curies":[{"name":"wp","href":"https:\/\/api.w.org\/{rel}","templated":true}]}}