{"id":22201,"date":"2020-12-14T08:00:00","date_gmt":"2020-12-14T07:00:00","guid":{"rendered":"https:\/\/swissmig.wordpress.com\/?p=22201"},"modified":"2020-12-14T08:00:00","modified_gmt":"2020-12-14T07:00:00","slug":"le-passeport-ou-le-diplome-etude-des-discriminations-a-lembauche-des-jeunes-issus-de-la-migration","status":"publish","type":"post","link":"https:\/\/swissmig.unine.ch\/?p=22201","title":{"rendered":"Le passeport ou le dipl\u00f4me ? : Etude des discriminations \u00e0 l\u2019embauche des jeunes issus de la migration"},"content":{"rendered":"<h3>Author(s) : Rosita Fibbi, B\u00fclent Kaya, Etienne Piguet<\/h3>\n<h3>Source : <a href=\"https:\/\/libra.unine.ch\/handle\/123456789\/18048\" target=\"_blank\" rel=\"noopener\">https:\/\/libra.unine.ch\/handle\/123456789\/18048<\/a><\/h3>\n<p><strong>Abstract: <\/strong><!--more--><\/p>\n<blockquote>\n<div class=\"hlFld-Abstract\">\n<div class=\"abstractSection abstractInFull\">&#8220;L\u2019\u00e9tude entend v\u00e9rifier si et, le cas \u00e9ch\u00e9ant, dans quelle mesure la Suisse conna\u00eet un ph\u00e9nom\u00e8ne de discrimination \u00e0 l\u2019embauche ; elle se concentre en particulier sur le cas des jeunes d\u2019origine immigr\u00e9e mais scolaris\u00e9s en Suisse. Reprenant la m\u00e9thodologie propos\u00e9e par l\u2019OIT pour ce type d\u2019enqu\u00eate semi-exp\u00e9rimentale, cette recherche documente l\u2019ampleur insoup\u00e7onn\u00e9e de la discrimination frappant notamment les jeunes originaires de pays non membres de l\u2019Union europ\u00e9enne, dans les deux r\u00e9gions linguistiques du pays.&#8221;<\/div>\n<div><\/div>\n<div class=\"abstractSection abstractInFull\">\n<div id=\"articleAbstract\"><strong>Mots-cl\u00e9s <\/strong>: access to employment, ethnic discrimination, employer, employment, methodology, racism, report, SFM Studies, workplace, youth<\/div>\n<\/div>\n<\/div>\n<\/blockquote>\n","protected":false},"excerpt":{"rendered":"<p>Author(s) : Rosita Fibbi, B\u00fclent Kaya, Etienne Piguet Source :&#8230;<\/p>\n","protected":false},"author":4,"featured_media":0,"comment_status":"open","ping_status":"open","sticky":false,"template":"","format":"standard","meta":{"_kadence_starter_templates_imported_post":false,"_kad_post_transparent":"","_kad_post_title":"","_kad_post_layout":"","_kad_post_sidebar_id":"","_kad_post_content_style":"","_kad_post_vertical_padding":"","_kad_post_feature":"","_kad_post_feature_position":"","_kad_post_header":false,"_kad_post_footer":false,"_kad_post_classname":"","jetpack_post_was_ever_published":false,"_jetpack_newsletter_access":"","_jetpack_dont_email_post_to_subs":false,"_jetpack_newsletter_tier_id":0,"_jetpack_memberships_contains_paywalled_content":false,"_jetpack_memberships_contains_paid_content":false,"footnotes":""},"categories":[16],"tags":[481,362,92,551,240,82,52,325,334,249,645,616,118],"class_list":["post-22201","post","type-post","status-publish","format-standard","hentry","category-economics","tag-481","tag-access-to-employment","tag-country-of-origin","tag-employer","tag-employment","tag-ethnic-discrimination","tag-french-language","tag-methodology","tag-racism","tag-report","tag-sfm-studies","tag-workplace","tag-youth"],"jetpack_featured_media_url":"","jetpack_sharing_enabled":true,"_links":{"self":[{"href":"https:\/\/swissmig.unine.ch\/index.php?rest_route=\/wp\/v2\/posts\/22201","targetHints":{"allow":["GET"]}}],"collection":[{"href":"https:\/\/swissmig.unine.ch\/index.php?rest_route=\/wp\/v2\/posts"}],"about":[{"href":"https:\/\/swissmig.unine.ch\/index.php?rest_route=\/wp\/v2\/types\/post"}],"author":[{"embeddable":true,"href":"https:\/\/swissmig.unine.ch\/index.php?rest_route=\/wp\/v2\/users\/4"}],"replies":[{"embeddable":true,"href":"https:\/\/swissmig.unine.ch\/index.php?rest_route=%2Fwp%2Fv2%2Fcomments&post=22201"}],"version-history":[{"count":0,"href":"https:\/\/swissmig.unine.ch\/index.php?rest_route=\/wp\/v2\/posts\/22201\/revisions"}],"wp:attachment":[{"href":"https:\/\/swissmig.unine.ch\/index.php?rest_route=%2Fwp%2Fv2%2Fmedia&parent=22201"}],"wp:term":[{"taxonomy":"category","embeddable":true,"href":"https:\/\/swissmig.unine.ch\/index.php?rest_route=%2Fwp%2Fv2%2Fcategories&post=22201"},{"taxonomy":"post_tag","embeddable":true,"href":"https:\/\/swissmig.unine.ch\/index.php?rest_route=%2Fwp%2Fv2%2Ftags&post=22201"}],"curies":[{"name":"wp","href":"https:\/\/api.w.org\/{rel}","templated":true}]}}