{"id":22198,"date":"2020-12-14T08:00:00","date_gmt":"2020-12-14T07:00:00","guid":{"rendered":"https:\/\/swissmig.wordpress.com\/?p=22198"},"modified":"2020-12-14T08:00:00","modified_gmt":"2020-12-14T07:00:00","slug":"la-population-subsaharienne-en-suisse-un-apercu-demographique-et-socioprofessionnel","status":"publish","type":"post","link":"https:\/\/swissmig.unine.ch\/?p=22198","title":{"rendered":"La population subsaharienne en Suisse : un aper\u00e7u d\u00e9mographique et socioprofessionnel"},"content":{"rendered":"<h3>Author(s) : Denise Efionayi-M\u00e4der, Marco Pecoraro, Ilka Anita Steiner<\/h3>\n<h3>Source : <a href=\"https:\/\/libra.unine.ch\/handle\/123456789\/6464\" target=\"_blank\" rel=\"noopener\">https:\/\/libra.unine.ch\/handle\/123456789\/6464<\/a><\/h3>\n<p><strong>Abstract: <\/strong><!--more--><\/p>\n<blockquote>\n<div class=\"hlFld-Abstract\">\n<div class=\"abstractSection abstractInFull\">&#8220;En Suisse, comme dans d&#8217;autres pays europ\u00e9ens, on constate que face \u00e0 la complexit\u00e9 croissante des flux migratoires, des approches courantes et unilat\u00e9rales pour traiter efficacement les questions migratoires apparaissent de plus en plus inop\u00e9rantes. Simultan\u00e9ment s&#8217;affirme une prise de conscience que le futur du d\u00e9veloppement dans certains pays du Sud, notamment africains, reste li\u00e9 \u00e0 des strat\u00e9gies migratoires dont les implications sociales, \u00e9conomiques et politiques doivent \u00eatre prises en compte par les pays d&#8217;accueil autant que par les Etats d&#8217;origine.&#8221;<\/div>\n<div><\/div>\n<div class=\"abstractSection abstractInFull\">\n<div id=\"articleAbstract\"><strong>Keywords<\/strong>: demography, economic impact, migration flows, political economy, report, SFM Studies, Africans, development<\/div>\n<div><\/div>\n<\/div>\n<\/div>\n<\/blockquote>\n","protected":false},"excerpt":{"rendered":"<p>Author(s) : Denise Efionayi-M\u00e4der, Marco Pecoraro, Ilka Anita Steiner Source&#8230;<\/p>\n","protected":false},"author":4,"featured_media":0,"comment_status":"open","ping_status":"open","sticky":false,"template":"","format":"standard","meta":{"_kadence_starter_templates_imported_post":false,"_kad_post_transparent":"","_kad_post_title":"","_kad_post_layout":"","_kad_post_sidebar_id":"","_kad_post_content_style":"","_kad_post_vertical_padding":"","_kad_post_feature":"","_kad_post_feature_position":"","_kad_post_header":false,"_kad_post_footer":false,"_kad_post_classname":"","jetpack_post_was_ever_published":false,"_jetpack_newsletter_access":"","_jetpack_dont_email_post_to_subs":false,"_jetpack_newsletter_tier_id":0,"_jetpack_memberships_contains_paywalled_content":false,"_jetpack_memberships_contains_paid_content":false,"footnotes":""},"categories":[277],"tags":[256,239,191,564,176,52,20,656,90,249,645,91],"class_list":["post-22198","post","type-post","status-publish","format-standard","hentry","category-demography-statistics","tag-256","tag-africans","tag-demography","tag-development","tag-economic-integration","tag-french-language","tag-migration-flows","tag-political-economy","tag-reception-policy","tag-report","tag-sfm-studies","tag-social-integration"],"jetpack_featured_media_url":"","jetpack_sharing_enabled":true,"_links":{"self":[{"href":"https:\/\/swissmig.unine.ch\/index.php?rest_route=\/wp\/v2\/posts\/22198","targetHints":{"allow":["GET"]}}],"collection":[{"href":"https:\/\/swissmig.unine.ch\/index.php?rest_route=\/wp\/v2\/posts"}],"about":[{"href":"https:\/\/swissmig.unine.ch\/index.php?rest_route=\/wp\/v2\/types\/post"}],"author":[{"embeddable":true,"href":"https:\/\/swissmig.unine.ch\/index.php?rest_route=\/wp\/v2\/users\/4"}],"replies":[{"embeddable":true,"href":"https:\/\/swissmig.unine.ch\/index.php?rest_route=%2Fwp%2Fv2%2Fcomments&post=22198"}],"version-history":[{"count":0,"href":"https:\/\/swissmig.unine.ch\/index.php?rest_route=\/wp\/v2\/posts\/22198\/revisions"}],"wp:attachment":[{"href":"https:\/\/swissmig.unine.ch\/index.php?rest_route=%2Fwp%2Fv2%2Fmedia&parent=22198"}],"wp:term":[{"taxonomy":"category","embeddable":true,"href":"https:\/\/swissmig.unine.ch\/index.php?rest_route=%2Fwp%2Fv2%2Fcategories&post=22198"},{"taxonomy":"post_tag","embeddable":true,"href":"https:\/\/swissmig.unine.ch\/index.php?rest_route=%2Fwp%2Fv2%2Ftags&post=22198"}],"curies":[{"name":"wp","href":"https:\/\/api.w.org\/{rel}","templated":true}]}}