{"id":22193,"date":"2020-12-14T08:00:00","date_gmt":"2020-12-14T07:00:00","guid":{"rendered":"https:\/\/swissmig.wordpress.com\/?p=22193"},"modified":"2020-12-14T08:00:00","modified_gmt":"2020-12-14T07:00:00","slug":"la-repression-du-travail-clandestin-a-geneve-application-des-sanctions-et-consequences-pour-les-personnes-concernees","status":"publish","type":"post","link":"https:\/\/swissmig.unine.ch\/?p=22193","title":{"rendered":"La r\u00e9pression du travail clandestin \u00e0 Gen\u00e8ve : Application des sanctions et cons\u00e9quences pour les personnes concern\u00e9es"},"content":{"rendered":"<h3>Author(s) : Milena Chimienti, Denise Efionayi-M\u00e4der, Romaine Farquet<\/h3>\n<h3>Source : <a href=\"https:\/\/libra.unine.ch\/handle\/123456789\/18039\" target=\"_blank\" rel=\"noopener\">https:\/\/libra.unine.ch\/handle\/123456789\/18039<\/a><\/h3>\n<p><strong>Abstract: <\/strong><!--more--><\/p>\n<blockquote>\n<div class=\"hlFld-Abstract\">\n<div class=\"abstractSection abstractInFull\">&#8220;Le pr\u00e9sent rapport porte sur l\u2019application des sanctions et leurs cons\u00e9quences pour les travailleurs clandestins et leurs employeurs \u00e0 Gen\u00e8ve. Le but de cette \u00e9tude est de mettre en parall\u00e8le l&#8217;application du traitement qui leur est r\u00e9serv\u00e9, sachant que les cons\u00e9quences ne peuvent \u00eatre strictement identiques pour les deux parties concern\u00e9es. Cette \u00e9tude est bas\u00e9e d\u2019une part, sur des dossiers de travailleurs clandestins d\u00e9bout\u00e9s (396) et de leur employeurs (156) sanctionn\u00e9s et, d\u2019autre part, sur des entretiens, soit en Suisse, soit dans le pays d&#8217;origine, aupr\u00e8s d\u2019une partie de ces personnes (20 employeurs et 47 travailleurs). Les r\u00e9sultats mettent en \u00e9vidence qu\u2019il existe, en ce qui concerne les travailleurs clandestins, une pluralit\u00e9 de contr\u00f4les et de sanctions, li\u00e9e notamment \u00e0 l\u2019ill\u00e9galit\u00e9 du s\u00e9jour. En revanche, les employeurs apparaissent moins expos\u00e9s aux mesures de r\u00e9pression. Enfin, l\u2019\u00e9tude rel\u00e8ve des disparit\u00e9s de traitement entre les employ\u00e9s, notamment en fonction de la nationalit\u00e9, et entre les employeurs en fonction du secteur \u00e9conomique.&#8221;<\/div>\n<div><\/div>\n<div class=\"abstractSection abstractInFull\">\n<div id=\"articleAbstract\"><strong>Keywords<\/strong>: clandestine employment, undocumented immigrants, economic impact, Geneva, Law, report, SFM Studies, sociology, workers, labour market policy, ethnic discrimination<\/div>\n<div><\/div>\n<\/div>\n<\/div>\n<\/blockquote>\n","protected":false},"excerpt":{"rendered":"<p>Author(s) : Milena Chimienti, Denise Efionayi-M\u00e4der, Romaine Farquet Source :&#8230;<\/p>\n","protected":false},"author":4,"featured_media":0,"comment_status":"open","ping_status":"open","sticky":false,"template":"","format":"standard","meta":{"_kadence_starter_templates_imported_post":false,"_kad_post_transparent":"","_kad_post_title":"","_kad_post_layout":"","_kad_post_sidebar_id":"","_kad_post_content_style":"","_kad_post_vertical_padding":"","_kad_post_feature":"","_kad_post_feature_position":"","_kad_post_header":false,"_kad_post_footer":false,"_kad_post_classname":"","jetpack_post_was_ever_published":false,"_jetpack_newsletter_access":"","_jetpack_dont_email_post_to_subs":false,"_jetpack_newsletter_tier_id":0,"_jetpack_memberships_contains_paywalled_content":false,"_jetpack_memberships_contains_paid_content":false,"footnotes":""},"categories":[43],"tags":[481,611,15,176,82,52,341,154,83,129,249,645,262,384],"class_list":["post-22193","post","type-post","status-publish","format-standard","hentry","category-the-migration-phenomenon","tag-481","tag-clandestine-employment","tag-economic-impact","tag-economic-integration","tag-ethnic-discrimination","tag-french-language","tag-geneva","tag-interviews","tag-labour-market-policy","tag-law","tag-report","tag-sfm-studies","tag-undocumented-immigrants","tag-workers"],"jetpack_featured_media_url":"","jetpack_sharing_enabled":true,"_links":{"self":[{"href":"https:\/\/swissmig.unine.ch\/index.php?rest_route=\/wp\/v2\/posts\/22193","targetHints":{"allow":["GET"]}}],"collection":[{"href":"https:\/\/swissmig.unine.ch\/index.php?rest_route=\/wp\/v2\/posts"}],"about":[{"href":"https:\/\/swissmig.unine.ch\/index.php?rest_route=\/wp\/v2\/types\/post"}],"author":[{"embeddable":true,"href":"https:\/\/swissmig.unine.ch\/index.php?rest_route=\/wp\/v2\/users\/4"}],"replies":[{"embeddable":true,"href":"https:\/\/swissmig.unine.ch\/index.php?rest_route=%2Fwp%2Fv2%2Fcomments&post=22193"}],"version-history":[{"count":0,"href":"https:\/\/swissmig.unine.ch\/index.php?rest_route=\/wp\/v2\/posts\/22193\/revisions"}],"wp:attachment":[{"href":"https:\/\/swissmig.unine.ch\/index.php?rest_route=%2Fwp%2Fv2%2Fmedia&parent=22193"}],"wp:term":[{"taxonomy":"category","embeddable":true,"href":"https:\/\/swissmig.unine.ch\/index.php?rest_route=%2Fwp%2Fv2%2Fcategories&post=22193"},{"taxonomy":"post_tag","embeddable":true,"href":"https:\/\/swissmig.unine.ch\/index.php?rest_route=%2Fwp%2Fv2%2Ftags&post=22193"}],"curies":[{"name":"wp","href":"https:\/\/api.w.org\/{rel}","templated":true}]}}