{"id":22181,"date":"2020-12-07T08:00:00","date_gmt":"2020-12-07T07:00:00","guid":{"rendered":"https:\/\/swissmig.wordpress.com\/?p=22181"},"modified":"2020-12-07T08:00:00","modified_gmt":"2020-12-07T07:00:00","slug":"la-suisse-connait-elle-un-phenomene-de-discrimination-a-lembauche-des-jeunes-issus-de-la-migration","status":"publish","type":"post","link":"https:\/\/swissmig.unine.ch\/?p=22181","title":{"rendered":"La Suisse conna\u00eet-elle un ph\u00e9nom\u00e8ne de discrimination \u00e0 l&#8217;embauche des jeunes issus de la migration ?"},"content":{"rendered":"<h3>Author(s) : Rosita Fibbi, B\u00fclent Kaya, Etienne, Piguet<\/h3>\n<h3>Source : <a href=\"https:\/\/www.ekr.admin.ch\/pdf\/Tangram_11.pdf\" target=\"_blank\" rel=\"noopener\">https:\/\/www.ekr.admin.ch\/pdf\/Tangram_11.pdf<\/a><\/h3>\n<p><strong>Abstract: <\/strong><!--more--><\/p>\n<blockquote>\n<div class=\"hlFld-Abstract\">\n<div class=\"abstractSection abstractInFull\">&#8220;La question de la discrimination \u00e0 l\u2019embauche des \u00e9trangers constitue un champ traditionnel de recherche \u00e9tudi\u00e9 aux \u00c9tats-Unis. Une situation qui contraste vivement avec celle des pays europ\u00e9ens o\u00f9 le th\u00e8me a \u00e9t\u00e9 n\u00e9glig\u00e9, notamment parce que les difficult\u00e9s des \u00e9trangers sur le march\u00e9 du travail \u00e9taient consid\u00e9r\u00e9es comme \u00abexplicables\u00bb par l\u2019absence ou l\u2019insuffisance de qualification, surtout dans le cas des primo-migrants. Pour les jeunes issus de la migration cette question a, par contre, \u00e9t\u00e9 jusqu\u2019ici un tabou. Le voile commence cependant \u00e0 se lever. Qu\u2019en est-il des jeunes \u00e9trangers scolaris\u00e9s en Suisse et pr\u00e9sentant donc des niveaux de qualification directement comparables \u00e0 ceux des autochtones ?&#8221;<\/div>\n<div><\/div>\n<div class=\"abstractSection abstractInFull\">\n<div id=\"articleAbstract\"><strong>Keywords: <\/strong>youth, labour market, ethnic discrimination, economic integration, low-skilled immigrants, second generation, access to employment, equal opportunities<\/div>\n<\/div>\n<\/div>\n<\/blockquote>\n","protected":false},"excerpt":{"rendered":"<p>Author(s) : Rosita Fibbi, B\u00fclent Kaya, Etienne, Piguet Source :&#8230;<\/p>\n","protected":false},"author":4,"featured_media":0,"comment_status":"open","ping_status":"open","sticky":false,"template":"","format":"standard","meta":{"_kadence_starter_templates_imported_post":false,"_kad_post_transparent":"","_kad_post_title":"","_kad_post_layout":"","_kad_post_sidebar_id":"","_kad_post_content_style":"","_kad_post_vertical_padding":"","_kad_post_feature":"","_kad_post_feature_position":"","_kad_post_header":false,"_kad_post_footer":false,"_kad_post_classname":"","jetpack_post_was_ever_published":false,"_jetpack_newsletter_access":"","_jetpack_dont_email_post_to_subs":false,"_jetpack_newsletter_tier_id":0,"_jetpack_memberships_contains_paywalled_content":false,"_jetpack_memberships_contains_paid_content":false,"footnotes":""},"categories":[16],"tags":[101,362,7,390,57,176,79,82,52,387,19,83,519,140,145,182,118],"class_list":["post-22181","post","type-post","status-publish","format-standard","hentry","category-economics","tag-101","tag-access-to-employment","tag-article","tag-balkans","tag-comparative-analysis","tag-economic-integration","tag-equal-opportunities","tag-ethnic-discrimination","tag-french-language","tag-integration-policy","tag-labour-market","tag-labour-market-policy","tag-low-skilled-immigrants","tag-portuguese","tag-second-generation","tag-turks","tag-youth"],"jetpack_featured_media_url":"","jetpack_sharing_enabled":true,"_links":{"self":[{"href":"https:\/\/swissmig.unine.ch\/index.php?rest_route=\/wp\/v2\/posts\/22181","targetHints":{"allow":["GET"]}}],"collection":[{"href":"https:\/\/swissmig.unine.ch\/index.php?rest_route=\/wp\/v2\/posts"}],"about":[{"href":"https:\/\/swissmig.unine.ch\/index.php?rest_route=\/wp\/v2\/types\/post"}],"author":[{"embeddable":true,"href":"https:\/\/swissmig.unine.ch\/index.php?rest_route=\/wp\/v2\/users\/4"}],"replies":[{"embeddable":true,"href":"https:\/\/swissmig.unine.ch\/index.php?rest_route=%2Fwp%2Fv2%2Fcomments&post=22181"}],"version-history":[{"count":0,"href":"https:\/\/swissmig.unine.ch\/index.php?rest_route=\/wp\/v2\/posts\/22181\/revisions"}],"wp:attachment":[{"href":"https:\/\/swissmig.unine.ch\/index.php?rest_route=%2Fwp%2Fv2%2Fmedia&parent=22181"}],"wp:term":[{"taxonomy":"category","embeddable":true,"href":"https:\/\/swissmig.unine.ch\/index.php?rest_route=%2Fwp%2Fv2%2Fcategories&post=22181"},{"taxonomy":"post_tag","embeddable":true,"href":"https:\/\/swissmig.unine.ch\/index.php?rest_route=%2Fwp%2Fv2%2Ftags&post=22181"}],"curies":[{"name":"wp","href":"https:\/\/api.w.org\/{rel}","templated":true}]}}