{"id":2218,"date":"2018-06-04T12:27:21","date_gmt":"2018-06-04T11:27:21","guid":{"rendered":"https:\/\/swissmig.wordpress.com\/?p=2218"},"modified":"2018-06-04T12:27:21","modified_gmt":"2018-06-04T11:27:21","slug":"la-suisse-romande-au-prisme-du-vecu-et-des-representations-des-immigres-italiens-une-approche-par-lecriture-immigrante-2","status":"publish","type":"post","link":"https:\/\/swissmig.unine.ch\/?p=2218","title":{"rendered":"La Suisse romande au prisme du v\u00e9cu et des repr\u00e9sentations des immigr\u00e9s italiens \u2013 Une approche par l&#8217;\u00e9criture (im)migrante"},"content":{"rendered":"<h3>Author(s) : Angela Alaimo, Mauricette Fournier, Marina Marengo<\/h3>\n<h3>Source : <a href=\"https:\/\/halshs.archives-ouvertes.fr\/halshs-01382047\/document\" target=\"_blank\" rel=\"noopener\">https:\/\/halshs.archives-ouvertes.fr\/halshs-01382047\/document<\/a><\/h3>\n<p><strong>Abstract: <\/strong><!--more--><\/p>\n<blockquote>\n<div>\n<div>\n<div>\n<div>En raison de la proximit\u00e9 g\u00e9ographique, la Suisse en g\u00e9n\u00e9ral, la Romandie en particulier, ont constitu\u00e9 depuis longtemps des espaces attractifs pour les Italiens. Les migrations \u00abalpines\u00bb, enprovenance du nord-ouest de l\u2019Italie (Val d\u2019Aoste, Pi\u00e9mont, Lombardie), ainsi que celles d\u2019intellectuels dans les universit\u00e9s romandes, font partie de l\u2019histoire de la Conf\u00e9d\u00e9ration. Sur ces premiers mouvements de<\/div>\n<div>population se sont greff\u00e9es, \u00e0 partir de l\u2019apr\u00e8s-guerre, plusieurs vagues migratoires provenant d\u2019autres r\u00e9gions italiennes, dont le Mezzogiorno. \u00c0 des mobilit\u00e9s de<\/div>\n<div>proximit\u00e9 et\/ou \u00abd\u2019\u00e9lite\u00bb s\u2019est donc ajout\u00e9e une migration de masse, le plus souvent d\u00e9finie comme \u00e9conomique. Ces divers mouvements migratoires font que la communaut\u00e9 italienne en Suisse est aujourd\u2019hui compos\u00e9e d\u2019individus aux origines r\u00e9gionales, socioprofessionnelles et culturelles tr\u00e8s disparates. Mais ces sp\u00e9cificit\u00e9s ont \u00e9t\u00e9 le plus souvent \u00abgomm\u00e9es\u00bb par une m\u00e9moire s\u00e9lective qui ne retient que la migration \u00e9conomique des ann\u00e9es 1960 et 1970. Dans cet article, nous nous proposons d\u2019observer l\u2019accueil des migrants en Suisse \u00e0 partir du point de vue de l\u2019une des plus anciennes communaut\u00e9s \u00e9trang\u00e8res de la Conf\u00e9d\u00e9ration. Le corpus<\/div>\n<div>sera ici principalement constitu\u00e9 par les r\u00e9cits autobiographiques (publi\u00e9s) de deux immigr\u00e9es italiennes: la premi\u00e8re, Carla Belotti, originaire des montagnes de la province de Bergame, est une \u00e9migr\u00e9e de l\u2019imm\u00e9diat apr\u00e8s-guerre, tandis que la seconde, Marie-Rose De Donno, est arriv\u00e9e des Pouilles dans les ann\u00e9es 1960.<\/div>\n<\/div>\n<\/div>\n<\/div>\n<\/blockquote>\n<p>&nbsp;<\/p>\n","protected":false},"excerpt":{"rendered":"<p>Author(s) : Angela Alaimo, Mauricette Fournier, Marina Marengo Source :&#8230;<\/p>\n","protected":false},"author":4,"featured_media":0,"comment_status":"open","ping_status":"open","sticky":false,"template":"","format":"standard","meta":{"_kadence_starter_templates_imported_post":false,"_kad_post_transparent":"","_kad_post_title":"","_kad_post_layout":"","_kad_post_sidebar_id":"","_kad_post_content_style":"","_kad_post_vertical_padding":"","_kad_post_feature":"","_kad_post_feature_position":"","_kad_post_header":false,"_kad_post_footer":false,"_kad_post_classname":"","jetpack_post_was_ever_published":false,"_jetpack_newsletter_access":"","_jetpack_dont_email_post_to_subs":false,"_jetpack_newsletter_tier_id":0,"_jetpack_memberships_contains_paywalled_content":false,"_jetpack_memberships_contains_paid_content":false,"footnotes":""},"categories":[167],"tags":[14,7,404,92,173,151,52,87,98,175,204,347],"class_list":["post-2218","post","type-post","status-publish","format-standard","hentry","category-ethnicity-languages-religion-arts","tag-14","tag-article","tag-arts","tag-country-of-origin","tag-cross-cultural-communication","tag-cultural-identity","tag-french-language","tag-history","tag-immigration-policy","tag-italians","tag-representation","tag-testimonies"],"jetpack_featured_media_url":"","jetpack_sharing_enabled":true,"_links":{"self":[{"href":"https:\/\/swissmig.unine.ch\/index.php?rest_route=\/wp\/v2\/posts\/2218","targetHints":{"allow":["GET"]}}],"collection":[{"href":"https:\/\/swissmig.unine.ch\/index.php?rest_route=\/wp\/v2\/posts"}],"about":[{"href":"https:\/\/swissmig.unine.ch\/index.php?rest_route=\/wp\/v2\/types\/post"}],"author":[{"embeddable":true,"href":"https:\/\/swissmig.unine.ch\/index.php?rest_route=\/wp\/v2\/users\/4"}],"replies":[{"embeddable":true,"href":"https:\/\/swissmig.unine.ch\/index.php?rest_route=%2Fwp%2Fv2%2Fcomments&post=2218"}],"version-history":[{"count":0,"href":"https:\/\/swissmig.unine.ch\/index.php?rest_route=\/wp\/v2\/posts\/2218\/revisions"}],"wp:attachment":[{"href":"https:\/\/swissmig.unine.ch\/index.php?rest_route=%2Fwp%2Fv2%2Fmedia&parent=2218"}],"wp:term":[{"taxonomy":"category","embeddable":true,"href":"https:\/\/swissmig.unine.ch\/index.php?rest_route=%2Fwp%2Fv2%2Fcategories&post=2218"},{"taxonomy":"post_tag","embeddable":true,"href":"https:\/\/swissmig.unine.ch\/index.php?rest_route=%2Fwp%2Fv2%2Ftags&post=2218"}],"curies":[{"name":"wp","href":"https:\/\/api.w.org\/{rel}","templated":true}]}}