{"id":22161,"date":"2020-11-30T08:00:00","date_gmt":"2020-11-30T07:00:00","guid":{"rendered":"https:\/\/swissmig.wordpress.com\/?p=22161"},"modified":"2020-11-30T08:00:00","modified_gmt":"2020-11-30T07:00:00","slug":"the-circumstances-of-migrant-families-raising-children-with-disabilities-in-five-european-countries-updating-knowledge-and-pursuing-new-research-la-situation-des-familles-migrantes-ayant-un-enfant","status":"publish","type":"post","link":"https:\/\/swissmig.unine.ch\/?p=22161","title":{"rendered":"The circumstances of migrant families raising children with disabilities in five European countries: Updating knowledge and pursuing new research \/ La situation des familles migrantes ayant un enfant en situation de handicap dans cinq pays europ\u00e9ens. Pour le renouvellement des connaissances et le d\u00e9veloppement de recherches"},"content":{"rendered":"<h3>Author(s) : Genevi\u00e8ve Pi\u00e9rart, Melissa Arneton, Alida Gulfi, Elena Albertini-Fr\u00fch, Hilde Lid\u00e9n, Tamar Makharadze, Eliso Rekhviashvili, Roberto Dainese<\/h3>\n<h3>Source : <a href=\"https:\/\/doi.org\/10.1016\/j.alter.2020.06.012\" target=\"_blank\" rel=\"noopener\">https:\/\/doi.org\/10.1016\/j.alter.2020.06.012<\/a><\/h3>\n<p><strong>Abstract: <\/strong><!--more--><\/p>\n<blockquote>\n<div class=\"hlFld-Abstract\">\n<div class=\"abstractSection abstractInFull\">&#8220;In 2017, specialists in several fields (health, education, and social work) from five European countries (France, Georgia, Italy, Norway, and Switzerland) established a network to jointly pursue studies on migration and disability. An initial workshop provided an opportunity to discuss their previous individual work and to develop a comparative research project. This article presents the key aspects of the discussion and the resulting plans for collaborative study. First, migrant children with disabilities remain statistically invisible in some countries. Separate policies and systems address their needs as migrants and their needs as persons with disabilities. Second, in all countries covered by the research network, there is an important gap between legal norms and the circumstances of migrant families raising children with disabilities. The same holds true for collaboration between public agencies, or between those agencies and NGOs (serving persons with disabilities, migrants, and\/or national minorities). Further comparative and cross-disciplinary study must focus on increasing the social participation of children with disabilities and their families through social, educational, and health interventions within an intercultural context.&#8221;<\/div>\n<div><\/div>\n<div>&#8220;En 2017, des sp\u00e9cialistes de diff\u00e9rentes disciplines (sant\u00e9, \u00e9ducation et travail social) issus de cinq pays europ\u00e9ens (France, G\u00e9orgie, Italie, Norv\u00e8ge et Suisse) ont cr\u00e9\u00e9 un r\u00e9seau afin de poursuivre leurs recherches sur le handicap et la migration. Le pr\u00e9sent article expose les principaux r\u00e9sultats d\u2019un premier <em>workshop<\/em> qu\u2019ils ont r\u00e9alis\u00e9 et les pistes qui en d\u00e9coulent pour de futures recherches. D\u2019une part, les enfants migrants en situation de handicap restent invisibles sur le plan statistique dans plusieurs pays. Leurs besoins en tant que migrants et personnes en situation de handicap sont pris en compte par des politiques et des dispositifs distincts. D\u2019autre part, dans les cinq pays, un \u00e9cart important entre les normes l\u00e9gales et la situation des familles migrantes ayant un enfant en situation de handicap est constat\u00e9. Il en est de m\u00eame en ce qui concerne la collaboration entre les diff\u00e9rents services publics, ou entre ces services et les associations soutenant les personnes en situation de handicap, les personnes migrantes et\/ou les minorit\u00e9s. Les futures recherches seront centr\u00e9es sur les moyens d\u2019augmenter la participation sociale des enfants migrants en situation de handicap et de leurs familles dans des contextes d\u2019interventions interculturelles et interdisciplinaires.&#8221;<\/div>\n<div><\/div>\n<div class=\"abstractSection abstractInFull\">\n<div id=\"articleAbstract\"><strong>Keywords: <\/strong>Children with disabilities, Migrant families, European countries, Comparative research<\/div>\n<div><\/div>\n<div><strong><strong>Mots-cl\u00e9s : <\/strong><\/strong>Enfants en situation de handicap, Familles migrantes, Pays europ\u00e9ens, Recherche compar\u00e9e<\/div>\n<div><\/div>\n<\/div>\n<\/div>\n<\/blockquote>\n","protected":false},"excerpt":{"rendered":"<p>Author(s) : Genevi\u00e8ve Pi\u00e9rart, Melissa Arneton, Alida Gulfi, Elena Albertini-Fr\u00fch,&#8230;<\/p>\n","protected":false},"author":4,"featured_media":0,"comment_status":"open","ping_status":"open","sticky":false,"template":"","format":"standard","meta":{"_kadence_starter_templates_imported_post":false,"_kad_post_transparent":"","_kad_post_title":"","_kad_post_layout":"","_kad_post_sidebar_id":"","_kad_post_content_style":"","_kad_post_vertical_padding":"","_kad_post_feature":"","_kad_post_feature_position":"","_kad_post_header":false,"_kad_post_footer":false,"_kad_post_classname":"","jetpack_post_was_ever_published":false,"_jetpack_newsletter_access":"","_jetpack_dont_email_post_to_subs":false,"_jetpack_newsletter_tier_id":0,"_jetpack_memberships_contains_paywalled_content":false,"_jetpack_memberships_contains_paid_content":false,"footnotes":""},"categories":[59],"tags":[654,7,119,318,57,120,523,77,9,197,689,157,127,387,114,253,122,381,340],"class_list":["post-22161","post","type-post","status-publish","format-standard","hentry","category-health","tag-654","tag-article","tag-associations","tag-children","tag-comparative-analysis","tag-data-analysis","tag-disability","tag-education-policy","tag-english-language","tag-france","tag-georgia","tag-health-care","tag-health-policy","tag-integration-policy","tag-intercultural-education","tag-italy","tag-migrants","tag-norway","tag-social-support"],"jetpack_featured_media_url":"","jetpack_sharing_enabled":true,"_links":{"self":[{"href":"https:\/\/swissmig.unine.ch\/index.php?rest_route=\/wp\/v2\/posts\/22161","targetHints":{"allow":["GET"]}}],"collection":[{"href":"https:\/\/swissmig.unine.ch\/index.php?rest_route=\/wp\/v2\/posts"}],"about":[{"href":"https:\/\/swissmig.unine.ch\/index.php?rest_route=\/wp\/v2\/types\/post"}],"author":[{"embeddable":true,"href":"https:\/\/swissmig.unine.ch\/index.php?rest_route=\/wp\/v2\/users\/4"}],"replies":[{"embeddable":true,"href":"https:\/\/swissmig.unine.ch\/index.php?rest_route=%2Fwp%2Fv2%2Fcomments&post=22161"}],"version-history":[{"count":0,"href":"https:\/\/swissmig.unine.ch\/index.php?rest_route=\/wp\/v2\/posts\/22161\/revisions"}],"wp:attachment":[{"href":"https:\/\/swissmig.unine.ch\/index.php?rest_route=%2Fwp%2Fv2%2Fmedia&parent=22161"}],"wp:term":[{"taxonomy":"category","embeddable":true,"href":"https:\/\/swissmig.unine.ch\/index.php?rest_route=%2Fwp%2Fv2%2Fcategories&post=22161"},{"taxonomy":"post_tag","embeddable":true,"href":"https:\/\/swissmig.unine.ch\/index.php?rest_route=%2Fwp%2Fv2%2Ftags&post=22161"}],"curies":[{"name":"wp","href":"https:\/\/api.w.org\/{rel}","templated":true}]}}