{"id":2211,"date":"2018-05-28T15:07:55","date_gmt":"2018-05-28T14:07:55","guid":{"rendered":"https:\/\/swissmig.wordpress.com\/?p=2211"},"modified":"2018-05-28T15:07:55","modified_gmt":"2018-05-28T14:07:55","slug":"migration-de-femmes-latino-americaines-universitaires-en-suisse-geographies-migratoires-motifs-de-migration-et-questions-de-genre","status":"publish","type":"post","link":"https:\/\/swissmig.unine.ch\/?p=2211","title":{"rendered":"Migration de femmes latino-am\u00e9ricaines universitaires en Suisse : G\u00e9ographies migratoires, motifs de migration et questions de genre"},"content":{"rendered":"<h3>Author(s) : Yvonne Ria\u00f1o<\/h3>\n<h3>Source : <a href=\"http:\/\/books.openedition.org\/ies\/522\" target=\"_blank\" rel=\"noopener\">http:\/\/books.openedition.org\/ies\/522<\/a><\/h3>\n<p><strong>Abstract: <\/strong><!--more--><\/p>\n<blockquote>\n<div>\n<div>La migration latino-am\u00e9ricaine en Suisse a un visage f\u00e9minin. En 2005, 65 % des Latino-Am\u00e9ricains qui ont migr\u00e9 en Suisse \u00e9taient des femmes. Aucune autre r\u00e9gion du monde n\u2019\u00ab exporte \u00bb autant de femmes en Suisse. Le continent asiatique le suit en importance, mais le pourcentage de femmes n\u2019atteint que 55 % (OFS, 2006, T1207). Malgr\u00e9 son importance quantitative et qualitative, le ph\u00e9nom\u00e8ne de la migration latino-am\u00e9ricaine f\u00e9minine a \u00e9t\u00e9 peu \u00e9tudi\u00e9. Notre connaissance sur les motifs, les parcours et les exp\u00e9riences de la migration des femmes latino-am\u00e9ricaines est assez limit\u00e9e. Le pr\u00e9sent article cherche \u00e0 combler cette lacune en analysant les histoires de migration de 23 femmes latino-am\u00e9ricaines poss\u00e9dant une \u00e9ducation de niveau universitaire. Dans tous ces cas, le motif de la migration a \u00e9t\u00e9 le mariage binational.<\/div>\n<\/div>\n<\/blockquote>\n<p>&nbsp;<\/p>\n","protected":false},"excerpt":{"rendered":"<p>Author(s) : Yvonne Ria\u00f1o Source : http:\/\/books.openedition.org\/ies\/522 Abstract:<\/p>\n","protected":false},"author":4,"featured_media":0,"comment_status":"open","ping_status":"open","sticky":false,"template":"","format":"standard","meta":{"_kadence_starter_templates_imported_post":false,"_kad_post_transparent":"","_kad_post_title":"","_kad_post_layout":"","_kad_post_sidebar_id":"","_kad_post_content_style":"","_kad_post_vertical_padding":"","_kad_post_feature":"","_kad_post_feature_position":"","_kad_post_header":false,"_kad_post_footer":false,"_kad_post_classname":"","jetpack_post_was_ever_published":false,"_jetpack_newsletter_access":"","_jetpack_dont_email_post_to_subs":false,"_jetpack_newsletter_tier_id":0,"_jetpack_memberships_contains_paywalled_content":false,"_jetpack_memberships_contains_paid_content":false,"footnotes":""},"categories":[24],"tags":[169,7,8,77,52,148,55,98,553,261,138,347,201],"class_list":["post-2211","post","type-post","status-publish","format-standard","hentry","category-society-family-racism","tag-169","tag-article","tag-case-study","tag-education-policy","tag-french-language","tag-gender","tag-high-skilled-immigrants","tag-immigration-policy","tag-intermarriage","tag-latin-americans","tag-migration-motives","tag-testimonies","tag-women"],"jetpack_featured_media_url":"","jetpack_sharing_enabled":true,"_links":{"self":[{"href":"https:\/\/swissmig.unine.ch\/index.php?rest_route=\/wp\/v2\/posts\/2211","targetHints":{"allow":["GET"]}}],"collection":[{"href":"https:\/\/swissmig.unine.ch\/index.php?rest_route=\/wp\/v2\/posts"}],"about":[{"href":"https:\/\/swissmig.unine.ch\/index.php?rest_route=\/wp\/v2\/types\/post"}],"author":[{"embeddable":true,"href":"https:\/\/swissmig.unine.ch\/index.php?rest_route=\/wp\/v2\/users\/4"}],"replies":[{"embeddable":true,"href":"https:\/\/swissmig.unine.ch\/index.php?rest_route=%2Fwp%2Fv2%2Fcomments&post=2211"}],"version-history":[{"count":0,"href":"https:\/\/swissmig.unine.ch\/index.php?rest_route=\/wp\/v2\/posts\/2211\/revisions"}],"wp:attachment":[{"href":"https:\/\/swissmig.unine.ch\/index.php?rest_route=%2Fwp%2Fv2%2Fmedia&parent=2211"}],"wp:term":[{"taxonomy":"category","embeddable":true,"href":"https:\/\/swissmig.unine.ch\/index.php?rest_route=%2Fwp%2Fv2%2Fcategories&post=2211"},{"taxonomy":"post_tag","embeddable":true,"href":"https:\/\/swissmig.unine.ch\/index.php?rest_route=%2Fwp%2Fv2%2Ftags&post=2211"}],"curies":[{"name":"wp","href":"https:\/\/api.w.org\/{rel}","templated":true}]}}