{"id":2195,"date":"2018-05-20T22:04:38","date_gmt":"2018-05-20T21:04:38","guid":{"rendered":"https:\/\/swissmig.wordpress.com\/?p=2195"},"modified":"2018-05-20T22:04:38","modified_gmt":"2018-05-20T21:04:38","slug":"la-politique-paradoxante-de-lasile-dans-le-canton-de-berne-impacts-de-la-gestion-publique-sur-les-agents-de-terrain-et-sur-les-directions-dinstitutions","status":"publish","type":"post","link":"https:\/\/swissmig.unine.ch\/?p=2195","title":{"rendered":"La politique paradoxante de l&#8217;asile dans le canton de Berne: impacts de la gestion publique sur les agents de terrain et sur les directions d&#8217;institutions"},"content":{"rendered":"<h3>Author(s) : Daniel Bernasconi<\/h3>\n<h3>Source : <a href=\"http:\/\/doc.rero.ch\/record\/277527\" target=\"_blank\" rel=\"noopener\">http:\/\/doc.rero.ch\/record\/277527<\/a><\/h3>\n<p><strong>Abstract: <\/strong><!--more--><\/p>\n<blockquote>\n<div>L&#8217;auteur de cette \u00e9tude s&#8217;est fix\u00e9 pour objectif de mettre en \u00e9vidence et d&#8217;analyser les impacts, sur les acteurs de terrain de l&#8217;asile, des r\u00e9formes engag\u00e9es par les pouvoirs publics bernois. L&#8217;objectif vis\u00e9 par cette analyse est aussi de comprendre les attentes des agents de terrain envers leurs directions, ainsi que les strat\u00e9gies d\u00e9velopp\u00e9es par ces derni\u00e8res pour y r\u00e9pondre tout en assurant la p\u00e9rennit\u00e9 de leurs institutions.<\/div>\n<\/blockquote>\n<p>&nbsp;<\/p>\n","protected":false},"excerpt":{"rendered":"<p>Author(s) : Daniel Bernasconi Source : http:\/\/doc.rero.ch\/record\/277527 Abstract:<\/p>\n","protected":false},"author":4,"featured_media":0,"comment_status":"open","ping_status":"open","sticky":false,"template":"","format":"standard","meta":{"_kadence_starter_templates_imported_post":false,"_kad_post_transparent":"","_kad_post_title":"","_kad_post_layout":"","_kad_post_sidebar_id":"","_kad_post_content_style":"","_kad_post_vertical_padding":"","_kad_post_feature":"","_kad_post_feature_position":"","_kad_post_header":false,"_kad_post_footer":false,"_kad_post_classname":"","jetpack_post_was_ever_published":false,"_jetpack_newsletter_access":"","_jetpack_dont_email_post_to_subs":false,"_jetpack_newsletter_tier_id":0,"_jetpack_memberships_contains_paywalled_content":false,"_jetpack_memberships_contains_paid_content":false,"footnotes":""},"categories":[12],"tags":[141,49,258,273,310,52,319,113],"class_list":["post-2195","post","type-post","status-publish","format-standard","hentry","category-politics","tag-141","tag-asylum-policy","tag-bern","tag-cantons","tag-decision-making","tag-french-language","tag-master-thesis","tag-public-administration"],"jetpack_featured_media_url":"","jetpack_sharing_enabled":true,"_links":{"self":[{"href":"https:\/\/swissmig.unine.ch\/index.php?rest_route=\/wp\/v2\/posts\/2195","targetHints":{"allow":["GET"]}}],"collection":[{"href":"https:\/\/swissmig.unine.ch\/index.php?rest_route=\/wp\/v2\/posts"}],"about":[{"href":"https:\/\/swissmig.unine.ch\/index.php?rest_route=\/wp\/v2\/types\/post"}],"author":[{"embeddable":true,"href":"https:\/\/swissmig.unine.ch\/index.php?rest_route=\/wp\/v2\/users\/4"}],"replies":[{"embeddable":true,"href":"https:\/\/swissmig.unine.ch\/index.php?rest_route=%2Fwp%2Fv2%2Fcomments&post=2195"}],"version-history":[{"count":0,"href":"https:\/\/swissmig.unine.ch\/index.php?rest_route=\/wp\/v2\/posts\/2195\/revisions"}],"wp:attachment":[{"href":"https:\/\/swissmig.unine.ch\/index.php?rest_route=%2Fwp%2Fv2%2Fmedia&parent=2195"}],"wp:term":[{"taxonomy":"category","embeddable":true,"href":"https:\/\/swissmig.unine.ch\/index.php?rest_route=%2Fwp%2Fv2%2Fcategories&post=2195"},{"taxonomy":"post_tag","embeddable":true,"href":"https:\/\/swissmig.unine.ch\/index.php?rest_route=%2Fwp%2Fv2%2Ftags&post=2195"}],"curies":[{"name":"wp","href":"https:\/\/api.w.org\/{rel}","templated":true}]}}