{"id":21934,"date":"2020-11-23T08:00:00","date_gmt":"2020-11-23T07:00:00","guid":{"rendered":"https:\/\/swissmig.wordpress.com\/?p=21934"},"modified":"2020-11-23T08:00:00","modified_gmt":"2020-11-23T07:00:00","slug":"trajectoires-dasile-africaines-repartition-des-demandes-dasile-en-europe-et-effets-des-politiques","status":"publish","type":"post","link":"https:\/\/swissmig.unine.ch\/?p=21934","title":{"rendered":"Trajectoires d&#8217;asile africaines: r\u00e9partition des demandes d&#8217;asile en Europe et effets des politiques"},"content":{"rendered":"<h3>Author(s) : Roger Besson, Etienne Piguet<\/h3>\n<h3>Source : <a href=\"https:\/\/libra.unine.ch\/handle\/123456789\/18064\" target=\"_blank\" rel=\"noopener\">https:\/\/libra.unine.ch\/handle\/123456789\/18064<\/a><\/h3>\n<p><strong>Abstract: <\/strong><!--more--><\/p>\n<blockquote>\n<div class=\"hlFld-Abstract\">\n<div class=\"abstractSection abstractInFull\">&#8220;Bien qu&#8217;elle reste num\u00e9riquement modeste, la population concern\u00e9e par l&#8217;asile originaire de l&#8217;Afrique subsaharienne a connu une croissance r\u00e9cente en Suisse et suscit\u00e9 d&#8217;importants d\u00e9bats. Force est cependant de constater que cette population, ses motifs de migration et les raisons du choix de la Suisse comme pays d&#8217;accueil restent mal connus. Ce rapport fait partie d&#8217;un projet de recherche mandat\u00e9 par l&#8217;Office f\u00e9d\u00e9ral des r\u00e9fugi\u00e9s en 2003. Il pr\u00e9sente une analyse quantitative de la dynamique des flux d&#8217;asile en provenance d&#8217;Afrique centrale et occidentale en Europe et aborde de mani\u00e8re d\u00e9taill\u00e9e la question de l&#8217;effet des politiques d&#8217;admission (principes l\u00e9gaux, acc\u00e8s au pays, proc\u00e9dure, int\u00e9gration et renvois) sur la r\u00e9partition des demandes d&#8217;asile entre pays d&#8217;accueil. Une analyse qualitative fond\u00e9e sur des entretiens pr\u00e9sentant les trajectoires de r\u00e9fugi\u00e9s et migrants originaires d&#8217;Afrique fait l&#8217;objet d&#8217;un premier rapport (38A: Trajectoires d\u2019asile africaines. D\u00e9terminants des migrations d\u2019Afrique occidentale vers la Suisse).&#8221;<\/div>\n<div><\/div>\n<div class=\"abstractSection abstractInFull\">\n<div id=\"articleAbstract\"><strong>Mots-cl\u00e9s <\/strong>: Africans, asylum seekers, Europe, immigrants, immigration law, migrants, migration flows, migration motives, quantitative research, reception policy, report, SFM Studies<\/div>\n<\/div>\n<\/div>\n<\/blockquote>\n","protected":false},"excerpt":{"rendered":"<p>Author(s) : Roger Besson, Etienne Piguet Source : https:\/\/libra.unine.ch\/handle\/123456789\/18064 Abstract:<\/p>\n","protected":false},"author":4,"featured_media":0,"comment_status":"open","ping_status":"open","sticky":false,"template":"","format":"standard","meta":{"_kadence_starter_templates_imported_post":false,"_kad_post_transparent":"","_kad_post_title":"","_kad_post_layout":"","_kad_post_sidebar_id":"","_kad_post_content_style":"","_kad_post_vertical_padding":"","_kad_post_feature":"","_kad_post_feature_position":"","_kad_post_header":false,"_kad_post_footer":false,"_kad_post_classname":"","jetpack_post_was_ever_published":false,"_jetpack_newsletter_access":"","_jetpack_dont_email_post_to_subs":false,"_jetpack_newsletter_tier_id":0,"_jetpack_memberships_contains_paywalled_content":false,"_jetpack_memberships_contains_paid_content":false,"footnotes":""},"categories":[43],"tags":[463,239,50,58,52,17,563,122,20,138,377,90,249,645],"class_list":["post-21934","post","type-post","status-publish","format-standard","hentry","category-the-migration-phenomenon","tag-463","tag-africans","tag-asylum-seekers","tag-europe","tag-french-language","tag-immigrants","tag-immigration-law","tag-migrants","tag-migration-flows","tag-migration-motives","tag-quantitative-research","tag-reception-policy","tag-report","tag-sfm-studies"],"jetpack_featured_media_url":"","jetpack_sharing_enabled":true,"_links":{"self":[{"href":"https:\/\/swissmig.unine.ch\/index.php?rest_route=\/wp\/v2\/posts\/21934","targetHints":{"allow":["GET"]}}],"collection":[{"href":"https:\/\/swissmig.unine.ch\/index.php?rest_route=\/wp\/v2\/posts"}],"about":[{"href":"https:\/\/swissmig.unine.ch\/index.php?rest_route=\/wp\/v2\/types\/post"}],"author":[{"embeddable":true,"href":"https:\/\/swissmig.unine.ch\/index.php?rest_route=\/wp\/v2\/users\/4"}],"replies":[{"embeddable":true,"href":"https:\/\/swissmig.unine.ch\/index.php?rest_route=%2Fwp%2Fv2%2Fcomments&post=21934"}],"version-history":[{"count":0,"href":"https:\/\/swissmig.unine.ch\/index.php?rest_route=\/wp\/v2\/posts\/21934\/revisions"}],"wp:attachment":[{"href":"https:\/\/swissmig.unine.ch\/index.php?rest_route=%2Fwp%2Fv2%2Fmedia&parent=21934"}],"wp:term":[{"taxonomy":"category","embeddable":true,"href":"https:\/\/swissmig.unine.ch\/index.php?rest_route=%2Fwp%2Fv2%2Fcategories&post=21934"},{"taxonomy":"post_tag","embeddable":true,"href":"https:\/\/swissmig.unine.ch\/index.php?rest_route=%2Fwp%2Fv2%2Ftags&post=21934"}],"curies":[{"name":"wp","href":"https:\/\/api.w.org\/{rel}","templated":true}]}}