{"id":21921,"date":"2020-11-23T08:00:00","date_gmt":"2020-11-23T07:00:00","guid":{"rendered":"https:\/\/swissmig.wordpress.com\/?p=21921"},"modified":"2020-11-23T08:00:00","modified_gmt":"2020-11-23T07:00:00","slug":"mesures-de-lutte-contre-les-discriminations-a-lembauche","status":"publish","type":"post","link":"https:\/\/swissmig.unine.ch\/?p=21921","title":{"rendered":"Mesures de lutte contre les discriminations \u00e0 l\u2019embauche"},"content":{"rendered":"<h3>Author(s) : Rosita Fibbi<\/h3>\n<h3>Source : <a href=\"https:\/\/libra.unine.ch\/handle\/123456789\/18068\" target=\"_blank\" rel=\"noopener\">https:\/\/libra.unine.ch\/handle\/123456789\/18068<\/a><\/h3>\n<p><strong>Abstract: <\/strong><!--more--><\/p>\n<blockquote>\n<p>\u00ab\u00a0Les discriminations \u00e0 l\u2019embauche, disent diverses recherches r\u00e9centes, existent en Suisse aussi ; elles frappent une partie de sa population d\u2019origine immigr\u00e9e et notamment des jeunes issus de la migration. Le pr\u00e9sent travail se penche sur les mani\u00e8res de relever le d\u00e9fi que ce ph\u00e9nom\u00e8ne pose non seulement aux jeunes immigr\u00e9s mais \u00e0 la coh\u00e9sion de la soci\u00e9t\u00e9 toute enti\u00e8re. La premi\u00e8re partie du rapport esquisse de possibles mod\u00e8les d\u2019action sur la base des exp\u00e9riences internationales en la mati\u00e8re. La deuxi\u00e8me partie, en revanche, r\u00e9unit des entretiens d\u2019experts suisses dans le champ du travail et\/ou de la lutte contre les discriminations venant d\u2019horizons vari\u00e9s. Ils \u00e9noncent leur vision de la n\u00e9cessit\u00e9 d\u2019une intervention et leurs arguments en faveur de l\u2019une ou l\u2019autre modalit\u00e9 d\u2019action.\u00a0\u00bb<\/p>\n<p><strong>Mots-cl\u00e9s<\/strong> : access to employment, discrimination, economic integration, ethnic minorities, racism, report, social integration, sociology, workplace, youth, SFM Studies<\/p>\n<\/blockquote>\n\n\n<p><\/p>\n","protected":false},"excerpt":{"rendered":"<p>Author(s) : Rosita Fibbi Source : https:\/\/libra.unine.ch\/handle\/123456789\/18068 Abstract:<\/p>\n","protected":false},"author":4,"featured_media":0,"comment_status":"open","ping_status":"open","sticky":false,"template":"","format":"standard","meta":{"_kadence_starter_templates_imported_post":false,"_kad_post_transparent":"","_kad_post_title":"","_kad_post_layout":"","_kad_post_sidebar_id":"","_kad_post_content_style":"","_kad_post_vertical_padding":"","_kad_post_feature":"","_kad_post_feature_position":"","_kad_post_header":false,"_kad_post_footer":false,"_kad_post_classname":"","jetpack_post_was_ever_published":false,"_jetpack_newsletter_access":"","_jetpack_dont_email_post_to_subs":false,"_jetpack_newsletter_tier_id":0,"_jetpack_memberships_contains_paywalled_content":false,"_jetpack_memberships_contains_paid_content":false,"footnotes":""},"categories":[24],"tags":[463,362,146,176,121,52,334,249,645,91,422,616,118],"class_list":["post-21921","post","type-post","status-publish","format-standard","hentry","category-society-family-racism","tag-463","tag-access-to-employment","tag-discrimination","tag-economic-integration","tag-ethnic-minorities","tag-french-language","tag-racism","tag-report","tag-sfm-studies","tag-social-integration","tag-sociology","tag-workplace","tag-youth"],"jetpack_featured_media_url":"","jetpack_sharing_enabled":true,"_links":{"self":[{"href":"https:\/\/swissmig.unine.ch\/index.php?rest_route=\/wp\/v2\/posts\/21921","targetHints":{"allow":["GET"]}}],"collection":[{"href":"https:\/\/swissmig.unine.ch\/index.php?rest_route=\/wp\/v2\/posts"}],"about":[{"href":"https:\/\/swissmig.unine.ch\/index.php?rest_route=\/wp\/v2\/types\/post"}],"author":[{"embeddable":true,"href":"https:\/\/swissmig.unine.ch\/index.php?rest_route=\/wp\/v2\/users\/4"}],"replies":[{"embeddable":true,"href":"https:\/\/swissmig.unine.ch\/index.php?rest_route=%2Fwp%2Fv2%2Fcomments&post=21921"}],"version-history":[{"count":0,"href":"https:\/\/swissmig.unine.ch\/index.php?rest_route=\/wp\/v2\/posts\/21921\/revisions"}],"wp:attachment":[{"href":"https:\/\/swissmig.unine.ch\/index.php?rest_route=%2Fwp%2Fv2%2Fmedia&parent=21921"}],"wp:term":[{"taxonomy":"category","embeddable":true,"href":"https:\/\/swissmig.unine.ch\/index.php?rest_route=%2Fwp%2Fv2%2Fcategories&post=21921"},{"taxonomy":"post_tag","embeddable":true,"href":"https:\/\/swissmig.unine.ch\/index.php?rest_route=%2Fwp%2Fv2%2Ftags&post=21921"}],"curies":[{"name":"wp","href":"https:\/\/api.w.org\/{rel}","templated":true}]}}