{"id":21911,"date":"2020-11-23T08:00:00","date_gmt":"2020-11-23T07:00:00","guid":{"rendered":"https:\/\/swissmig.wordpress.com\/?p=21911"},"modified":"2020-11-23T08:00:00","modified_gmt":"2020-11-23T07:00:00","slug":"mesure-de-la-satisfaction-des-patients-migrants-en-milieu-hospitalier-analyse-des-lacunes-existantes-et-recommandations","status":"publish","type":"post","link":"https:\/\/swissmig.unine.ch\/?p=21911","title":{"rendered":"Mesure de la satisfaction des patients migrants en milieu hospitalier: analyse des lacunes existantes et recommandations"},"content":{"rendered":"<h3>Author(s) : Urszula Stotzer, Denise Efionayi-M\u00e4der, Philippe Wanner<\/h3>\n<h3>Source : <a href=\"https:\/\/libra.unine.ch\/handle\/123456789\/18076\" target=\"_blank\" rel=\"noopener\">https:\/\/libra.unine.ch\/handle\/123456789\/18076<\/a><\/h3>\n<p><strong>Abstract: <\/strong><!--more--><\/p>\n<blockquote>\n<p>\u00ab L&#8217;\u00e9tude porte sur les lacunes existantes en mati\u00e8re de mesure de la satisfaction des patients migrants en milieu hospitalier et formule des recommandations \u00e0 l&#8217;adresse des \u00e9tablissements hospitaliers et autorit\u00e9s comp\u00e9tentes. Les r\u00e9sultats d\u00e9montrent que les outils d&#8217;\u00e9valuation de la satisfaction des patients migrants comportent des probl\u00e8mes li\u00e9s \u00e0 la fois \u00e0 la proc\u00e9dure d&#8217;enqu\u00eate et aux instruments, susceptibles de limiter la pertinence des r\u00e9sultats obtenus en vue de l&#8217;am\u00e9lioration de la qualit\u00e9 des soins. Une approche tenant compte des besoins des migrants repr\u00e9sente, pour un syst\u00e8me de mesure de la qualit\u00e9, une excellente occasion d&#8217;affiner sa sensibilit\u00e9 \u00e0 la diversit\u00e9 des patients. \u00bb<\/p>\n<p><strong>Mots-cl\u00e9s<\/strong> : ethnic minorities, Health, health care, hospital, interviews, measurement, mental health, migrants, report, SFM Studies<\/p>\n<\/blockquote>\n\n\n<p><\/p>\n","protected":false},"excerpt":{"rendered":"<p>Author(s) : Urszula Stotzer, Denise Efionayi-M\u00e4der, Philippe Wanner Source :&#8230;<\/p>\n","protected":false},"author":4,"featured_media":0,"comment_status":"open","ping_status":"open","sticky":false,"template":"","format":"standard","meta":{"_kadence_starter_templates_imported_post":false,"_kad_post_transparent":"","_kad_post_title":"","_kad_post_layout":"","_kad_post_sidebar_id":"","_kad_post_content_style":"","_kad_post_vertical_padding":"","_kad_post_feature":"","_kad_post_feature_position":"","_kad_post_header":false,"_kad_post_footer":false,"_kad_post_classname":"","jetpack_post_was_ever_published":false,"_jetpack_newsletter_access":"","_jetpack_dont_email_post_to_subs":false,"_jetpack_newsletter_tier_id":0,"_jetpack_memberships_contains_paywalled_content":false,"_jetpack_memberships_contains_paid_content":false,"footnotes":""},"categories":[59],"tags":[417,556,121,52,157,184,154,345,185,122,249,645],"class_list":["post-21911","post","type-post","status-publish","format-standard","hentry","category-health","tag-417","tag-access-to-health-care","tag-ethnic-minorities","tag-french-language","tag-health-care","tag-hospital","tag-interviews","tag-measurement","tag-mental-health","tag-migrants","tag-report","tag-sfm-studies"],"jetpack_featured_media_url":"","jetpack_sharing_enabled":true,"_links":{"self":[{"href":"https:\/\/swissmig.unine.ch\/index.php?rest_route=\/wp\/v2\/posts\/21911","targetHints":{"allow":["GET"]}}],"collection":[{"href":"https:\/\/swissmig.unine.ch\/index.php?rest_route=\/wp\/v2\/posts"}],"about":[{"href":"https:\/\/swissmig.unine.ch\/index.php?rest_route=\/wp\/v2\/types\/post"}],"author":[{"embeddable":true,"href":"https:\/\/swissmig.unine.ch\/index.php?rest_route=\/wp\/v2\/users\/4"}],"replies":[{"embeddable":true,"href":"https:\/\/swissmig.unine.ch\/index.php?rest_route=%2Fwp%2Fv2%2Fcomments&post=21911"}],"version-history":[{"count":0,"href":"https:\/\/swissmig.unine.ch\/index.php?rest_route=\/wp\/v2\/posts\/21911\/revisions"}],"wp:attachment":[{"href":"https:\/\/swissmig.unine.ch\/index.php?rest_route=%2Fwp%2Fv2%2Fmedia&parent=21911"}],"wp:term":[{"taxonomy":"category","embeddable":true,"href":"https:\/\/swissmig.unine.ch\/index.php?rest_route=%2Fwp%2Fv2%2Fcategories&post=21911"},{"taxonomy":"post_tag","embeddable":true,"href":"https:\/\/swissmig.unine.ch\/index.php?rest_route=%2Fwp%2Fv2%2Ftags&post=21911"}],"curies":[{"name":"wp","href":"https:\/\/api.w.org\/{rel}","templated":true}]}}