{"id":2168,"date":"2018-05-08T14:23:27","date_gmt":"2018-05-08T13:23:27","guid":{"rendered":"https:\/\/swissmig.wordpress.com\/?p=2168"},"modified":"2018-05-08T14:23:27","modified_gmt":"2018-05-08T13:23:27","slug":"basel-stadt-und-die-eidgenossische-fluchtlingspolitik-von-1848-bis-1850","status":"publish","type":"post","link":"https:\/\/swissmig.unine.ch\/?p=2168","title":{"rendered":"Basel-Stadt und die eidgen\u00f6ssische Fl\u00fcchtlingspolitik von 1848 bis 1850"},"content":{"rendered":"<h3>Author(s) : Hermann Wichers<\/h3>\n<h3>Source : <a href=\"https:\/\/www.amtsdruckschriften.bar.admin.ch\/viewOrigDoc\/80000239.pdf?ID=80000239\" target=\"_blank\" rel=\"noopener\">https:\/\/www.amtsdruckschriften.bar.admin.ch\/viewOrigDoc\/80000239.pdf?ID=80000239<\/a><\/h3>\n<p><strong>Abstract: <\/strong><!--more--><\/p>\n<blockquote>\n<div>\n<div>Von Anfang an waren sowohl der Vorort als auch der im Herbst 1848 gew\u00e4hlte Bundesrat darauf bedacht, die Fl\u00fcchtlinge so rasch wie m\u00f6glich wieder ausser Landes zu bringen, um jedes Konfliktpotential mit den europ\u00e4ischen M\u00e4chten zu entsch\u00e4rfen. Das nationale Interesse stand \u00fcber der Solidarit\u00e4t der Radikalen mit ihren politischen Gesinnungsfreunden in den Staaten des Deutschen Bundes, der Lombardei oder Ungarn. Dabei sah sich der Bundesrat schon bald mit einer ungewohnten innenpolitischen Situation konfrontiert. W\u00e4hrend radikale Kreise seine Haltung in der Fl\u00fcchtlingsfrage teils heftig kritisierten, fand er bei den Konservativen pl\u00f6tzlich Verst\u00e4ndnis und Unterst\u00fctzung. Es stellt sich die Frage, warum aussenpolitisches Krisenmanagement innenpolitische Differenzen \u00fcberbr\u00fccken und zu einer &#8211; so viel sei vorweg genommen &#8211; auff\u00e4lligen Interessengemeinschaft zwischen dem Bundesrat und der mehrheitlich konservativen Basler Regierung f\u00fchren konnte.<\/div>\n<\/div>\n<\/blockquote>\n<p>&nbsp;<\/p>\n","protected":false},"excerpt":{"rendered":"<p>Author(s) : Hermann Wichers Source : https:\/\/www.amtsdruckschriften.bar.admin.ch\/viewOrigDoc\/80000239.pdf?ID=80000239 Abstract:<\/p>\n","protected":false},"author":4,"featured_media":0,"comment_status":"open","ping_status":"open","sticky":false,"template":"","format":"standard","meta":{"_kadence_starter_templates_imported_post":false,"_kad_post_transparent":"","_kad_post_title":"","_kad_post_layout":"","_kad_post_sidebar_id":"","_kad_post_content_style":"","_kad_post_vertical_padding":"","_kad_post_feature":"","_kad_post_feature_position":"","_kad_post_header":false,"_kad_post_footer":false,"_kad_post_classname":"","jetpack_post_was_ever_published":false,"_jetpack_newsletter_access":"","_jetpack_dont_email_post_to_subs":false,"_jetpack_newsletter_tier_id":0,"_jetpack_memberships_contains_paywalled_content":false,"_jetpack_memberships_contains_paid_content":false,"footnotes":""},"categories":[35],"tags":[425,7,49,37,156,273,58,165,73,94],"class_list":["post-2168","post","type-post","status-publish","format-standard","hentry","category-history","tag-425","tag-article","tag-asylum-policy","tag-attitudes-towards-migrants","tag-basel","tag-cantons","tag-europe","tag-foreign-policy","tag-german-language","tag-political-system"],"jetpack_featured_media_url":"","jetpack_sharing_enabled":true,"_links":{"self":[{"href":"https:\/\/swissmig.unine.ch\/index.php?rest_route=\/wp\/v2\/posts\/2168","targetHints":{"allow":["GET"]}}],"collection":[{"href":"https:\/\/swissmig.unine.ch\/index.php?rest_route=\/wp\/v2\/posts"}],"about":[{"href":"https:\/\/swissmig.unine.ch\/index.php?rest_route=\/wp\/v2\/types\/post"}],"author":[{"embeddable":true,"href":"https:\/\/swissmig.unine.ch\/index.php?rest_route=\/wp\/v2\/users\/4"}],"replies":[{"embeddable":true,"href":"https:\/\/swissmig.unine.ch\/index.php?rest_route=%2Fwp%2Fv2%2Fcomments&post=2168"}],"version-history":[{"count":0,"href":"https:\/\/swissmig.unine.ch\/index.php?rest_route=\/wp\/v2\/posts\/2168\/revisions"}],"wp:attachment":[{"href":"https:\/\/swissmig.unine.ch\/index.php?rest_route=%2Fwp%2Fv2%2Fmedia&parent=2168"}],"wp:term":[{"taxonomy":"category","embeddable":true,"href":"https:\/\/swissmig.unine.ch\/index.php?rest_route=%2Fwp%2Fv2%2Fcategories&post=2168"},{"taxonomy":"post_tag","embeddable":true,"href":"https:\/\/swissmig.unine.ch\/index.php?rest_route=%2Fwp%2Fv2%2Ftags&post=2168"}],"curies":[{"name":"wp","href":"https:\/\/api.w.org\/{rel}","templated":true}]}}