{"id":2166,"date":"2018-05-08T14:10:20","date_gmt":"2018-05-08T13:10:20","guid":{"rendered":"https:\/\/swissmig.wordpress.com\/?p=2166"},"modified":"2018-05-08T14:10:20","modified_gmt":"2018-05-08T13:10:20","slug":"attitudes-suisses-vis-a-vis-de-limmigration-italienne-apres-1945","status":"publish","type":"post","link":"https:\/\/swissmig.unine.ch\/?p=2166","title":{"rendered":"Attitudes suisses vis-\u00e0-vis de l&#8217;immigration italienne apr\u00e8s 1945"},"content":{"rendered":"<h3>Author(s) : Marc Perrenoud<\/h3>\n<h3>Source : <a href=\"http:\/\/doi.org\/10.5169\/seals-386380\" target=\"_blank\" rel=\"noopener\">http:\/\/doi.org\/10.5169\/seals-386380<\/a><\/h3>\n<p><strong>Abstract: <\/strong><!--more--><\/p>\n<blockquote>\n<div>La perception des ph\u00e9nom\u00e8nes migratoires pose souvent le probl\u00e8me de la m\u00e9moire sociale: en effet, le souvenir des difficult\u00e9s \u00e9conomiques est maintes fois \u00e9voqu\u00e9 pour restreindre l&#8217;immigration. De m\u00eame, la volont\u00e9 de pr\u00e9server une identit\u00e9 nationale, qui serait ancr\u00e9e dans une longue histoire, incite \u00e0 limiter le nombre des \u00e9trangers. De plus, la m\u00e9moire des probl\u00e8mes pos\u00e9s par les vagues migratoires pr\u00e9c\u00e9dentes soul\u00e8ve aussi des questions: les uns occultent certains \u00e9pisodes pour souligner les difficult\u00e9s actuelles; d&#8217;autres \u00e9voquent les exp\u00e9riences pass\u00e9es pour justifier ou critiquer les attitudes contemporaines. Tout cela montre l&#8217;importance et la difficult\u00e9 des recherches historiques qui sont confront\u00e9es \u00e0 la fois aux probl\u00e8mes du pass\u00e9 et aux interrogations du pr\u00e9sent. Dans cette perspective, la question des Italiens en Suisse apr\u00e8s 1945 m\u00e9rite d&#8217;\u00eatre examin\u00e9e. Certes des \u00e9tudes sociologiques et juridiques y ont d\u00e9j\u00e0 \u00e9t\u00e9 consacr\u00e9es. Toutefois, elles ont commenc\u00e9 \u00e0 para\u00eetre surtout d\u00e8s les ann\u00e9es 1960, soit au moment de l&#8217;apparition des \u00abinitiatives x\u00e9nophobes\u00bb. Il semble important de comprendre les racines de ces mouvements qui se r\u00e9v\u00e8lent sur la sc\u00e8ne politique \u00e0 l&#8217;occasion de la ratification de l&#8217;accord<br \/>\nitalo-suisse de 1964. La p\u00e9riode ant\u00e9rieure qui est marqu\u00e9e par une forte augmentation du nombre des Italiens en Suisse peut \u00eatre \u00e9tudi\u00e9e sur la base des archives d\u00e9sormais ouvertes.<\/div>\n<\/blockquote>\n<p>&nbsp;<\/p>\n","protected":false},"excerpt":{"rendered":"<p>Author(s) : Marc Perrenoud Source : http:\/\/doi.org\/10.5169\/seals-386380 Abstract:<\/p>\n","protected":false},"author":4,"featured_media":0,"comment_status":"open","ping_status":"open","sticky":false,"template":"","format":"standard","meta":{"_kadence_starter_templates_imported_post":false,"_kad_post_transparent":"","_kad_post_title":"","_kad_post_layout":"","_kad_post_sidebar_id":"","_kad_post_content_style":"","_kad_post_vertical_padding":"","_kad_post_feature":"","_kad_post_feature_position":"","_kad_post_header":false,"_kad_post_footer":false,"_kad_post_classname":"","jetpack_post_was_ever_published":false,"_jetpack_newsletter_access":"","_jetpack_dont_email_post_to_subs":false,"_jetpack_newsletter_tier_id":0,"_jetpack_memberships_contains_paywalled_content":false,"_jetpack_memberships_contains_paid_content":false,"footnotes":""},"categories":[24],"tags":[550,7,37,52,87,40,98,175,20,334,245,158],"class_list":["post-2166","post","type-post","status-publish","format-standard","hentry","category-society-family-racism","tag-550","tag-article","tag-attitudes-towards-migrants","tag-french-language","tag-history","tag-immigration-control","tag-immigration-policy","tag-italians","tag-migration-flows","tag-racism","tag-temporary-migration","tag-working-conditions"],"jetpack_featured_media_url":"","jetpack_sharing_enabled":true,"_links":{"self":[{"href":"https:\/\/swissmig.unine.ch\/index.php?rest_route=\/wp\/v2\/posts\/2166","targetHints":{"allow":["GET"]}}],"collection":[{"href":"https:\/\/swissmig.unine.ch\/index.php?rest_route=\/wp\/v2\/posts"}],"about":[{"href":"https:\/\/swissmig.unine.ch\/index.php?rest_route=\/wp\/v2\/types\/post"}],"author":[{"embeddable":true,"href":"https:\/\/swissmig.unine.ch\/index.php?rest_route=\/wp\/v2\/users\/4"}],"replies":[{"embeddable":true,"href":"https:\/\/swissmig.unine.ch\/index.php?rest_route=%2Fwp%2Fv2%2Fcomments&post=2166"}],"version-history":[{"count":0,"href":"https:\/\/swissmig.unine.ch\/index.php?rest_route=\/wp\/v2\/posts\/2166\/revisions"}],"wp:attachment":[{"href":"https:\/\/swissmig.unine.ch\/index.php?rest_route=%2Fwp%2Fv2%2Fmedia&parent=2166"}],"wp:term":[{"taxonomy":"category","embeddable":true,"href":"https:\/\/swissmig.unine.ch\/index.php?rest_route=%2Fwp%2Fv2%2Fcategories&post=2166"},{"taxonomy":"post_tag","embeddable":true,"href":"https:\/\/swissmig.unine.ch\/index.php?rest_route=%2Fwp%2Fv2%2Ftags&post=2166"}],"curies":[{"name":"wp","href":"https:\/\/api.w.org\/{rel}","templated":true}]}}