{"id":21400,"date":"2020-11-09T08:00:00","date_gmt":"2020-11-09T07:00:00","guid":{"rendered":"https:\/\/swissmig.wordpress.com\/?p=21400"},"modified":"2020-11-09T08:00:00","modified_gmt":"2020-11-09T07:00:00","slug":"lentretien-daccueil-pour-primo-arrivant%c2%b7e%c2%b7s-articulations-possibles-avec-les-prestations-de-conseil-en-orientation","status":"publish","type":"post","link":"https:\/\/swissmig.unine.ch\/?p=21400","title":{"rendered":"L\u2019entretien d\u2019accueil pour primo-arrivant\u00b7e\u00b7s : articulations possibles avec les prestations de conseil en orientation"},"content":{"rendered":"<h3>Author(s) : Sh\u00e9kina Rochat, \u00c9tienne Corbaz<\/h3>\n<h3>Source : <a href=\"https:\/\/doi.org\/10.4000\/osp.12701\" target=\"_blank\" rel=\"noopener\">https:\/\/doi.org\/10.4000\/osp.12701<\/a><\/h3>\n<p><strong>Abstract: <\/strong><!--more--><\/p>\n<blockquote>\n<div class=\"hlFld-Abstract\">\n<div class=\"abstractSection abstractInFull\">&#8220;Afin de faciliter le premier contact des jeunes migrant\u00b7e\u00b7s de 15 \u00e0 25 ans avec les autorit\u00e9s scolaires suisses, un \u00ab entretien d\u2019accueil \u00bb a \u00e9t\u00e9 mis en place dans le Canton de Vaud afin de leur souhaiter la bienvenue et de les aider \u00e0 identifier les possibilit\u00e9s de scolarisation, de formation et\/ou de travail qui s\u2019offrent \u00e0 eux. Dans un premier temps, cet article vise \u00e0 pr\u00e9senter le d\u00e9roulement et le contenu du dispositif sp\u00e9cifique \u00e0 cet entretien. Dans un second temps, les articulations \u00e9ventuelles de ce dernier avec les d\u00e9marches d\u2019orientation traditionnelles sont discut\u00e9es. Enfin, certaines particularit\u00e9s et points de vigilance dans la prise en charge de personnes issues de la migration dans ce cadre sont mis en \u00e9vidence. &#8221;<\/p>\n<div id=\"articleAbstract\"><strong>Mots-cl\u00e9s<\/strong> : entretien d\u2019accueil, migration, primo-orientation, conseil, information<\/div>\n<div><\/div>\n<div>&#8220;<span lang=\"en\" xml:lang=\"en\">In order to facilitate the first contact of young migrants between the ages of 15 and 25 with the Swiss school system authorities, a \u201cwelcome interview\u201d has been set up in the State of Vaud, in order to welcome and introduce them to the school, training and\/or work opportunities available to them. First, the aim of this article is to describe the specific settings and contents of such an interview. Second, the possible linkages with traditional career counseling activities are discussed. Finally, some particularities and limitations of career counseling with migrant people are highlighted.&#8221; <\/span><\/div>\n<div>\n<div class=\"index\"><strong>Keywords<\/strong>: welcome interview, migration, primary guidance, counseling, information<\/div>\n<\/div>\n<\/div>\n<\/div>\n<\/blockquote>\n","protected":false},"excerpt":{"rendered":"<p>Author(s) : Sh\u00e9kina Rochat, \u00c9tienne Corbaz Source : https:\/\/doi.org\/10.4000\/osp.12701 Abstract:<\/p>\n","protected":false},"author":4,"featured_media":0,"comment_status":"open","ping_status":"open","sticky":false,"template":"","format":"standard","meta":{"_kadence_starter_templates_imported_post":false,"_kad_post_transparent":"","_kad_post_title":"","_kad_post_layout":"","_kad_post_sidebar_id":"","_kad_post_content_style":"","_kad_post_vertical_padding":"","_kad_post_feature":"","_kad_post_feature_position":"","_kad_post_header":false,"_kad_post_footer":false,"_kad_post_classname":"","jetpack_post_was_ever_published":false,"_jetpack_newsletter_access":"","_jetpack_dont_email_post_to_subs":false,"_jetpack_newsletter_tier_id":0,"_jetpack_memberships_contains_paywalled_content":false,"_jetpack_memberships_contains_paid_content":false,"footnotes":""},"categories":[61],"tags":[654,407,362,7,318,605,77,275,52,280,154,122,90,117,370,118],"class_list":["post-21400","post","type-post","status-publish","format-standard","hentry","category-education","tag-654","tag-access-to-education","tag-access-to-employment","tag-article","tag-children","tag-counseling-centres","tag-education-policy","tag-educational-programmes","tag-french-language","tag-immigration-background","tag-interviews","tag-migrants","tag-reception-policy","tag-school-integration","tag-vaud","tag-youth"],"jetpack_featured_media_url":"","jetpack_sharing_enabled":true,"_links":{"self":[{"href":"https:\/\/swissmig.unine.ch\/index.php?rest_route=\/wp\/v2\/posts\/21400","targetHints":{"allow":["GET"]}}],"collection":[{"href":"https:\/\/swissmig.unine.ch\/index.php?rest_route=\/wp\/v2\/posts"}],"about":[{"href":"https:\/\/swissmig.unine.ch\/index.php?rest_route=\/wp\/v2\/types\/post"}],"author":[{"embeddable":true,"href":"https:\/\/swissmig.unine.ch\/index.php?rest_route=\/wp\/v2\/users\/4"}],"replies":[{"embeddable":true,"href":"https:\/\/swissmig.unine.ch\/index.php?rest_route=%2Fwp%2Fv2%2Fcomments&post=21400"}],"version-history":[{"count":0,"href":"https:\/\/swissmig.unine.ch\/index.php?rest_route=\/wp\/v2\/posts\/21400\/revisions"}],"wp:attachment":[{"href":"https:\/\/swissmig.unine.ch\/index.php?rest_route=%2Fwp%2Fv2%2Fmedia&parent=21400"}],"wp:term":[{"taxonomy":"category","embeddable":true,"href":"https:\/\/swissmig.unine.ch\/index.php?rest_route=%2Fwp%2Fv2%2Fcategories&post=21400"},{"taxonomy":"post_tag","embeddable":true,"href":"https:\/\/swissmig.unine.ch\/index.php?rest_route=%2Fwp%2Fv2%2Ftags&post=21400"}],"curies":[{"name":"wp","href":"https:\/\/api.w.org\/{rel}","templated":true}]}}