{"id":2138,"date":"2018-04-30T13:02:06","date_gmt":"2018-04-30T12:02:06","guid":{"rendered":"https:\/\/swissmig.wordpress.com\/?p=2138"},"modified":"2018-04-30T13:02:06","modified_gmt":"2018-04-30T12:02:06","slug":"le-role-des-intervenant-e-s-sociales-et-sociaux-dans-le-processus-de-detention-administrative-des-requerant-e-s-dasile-en-valais","status":"publish","type":"post","link":"https:\/\/swissmig.unine.ch\/?p=2138","title":{"rendered":"Le r\u00f4le des intervenant.e.s sociales et sociaux dans le processus de d\u00e9tention administrative des requ\u00e9rant.e.s d&#8217;asile en Valais"},"content":{"rendered":"<h3>Author(s) : Elise Taiana<\/h3>\n<h3>Source : <a href=\"https:\/\/doc.rero.ch\/record\/309050\" target=\"_blank\" rel=\"noopener\">https:\/\/doc.rero.ch\/record\/309050<\/a><\/h3>\n<p><strong>Abstract: <\/strong><!--more--><\/p>\n<blockquote><p>L\u2019int\u00e9r\u00eat port\u00e9 \u00e0 la th\u00e9matique de la migration s\u2019est d\u00e9velopp\u00e9 tout au long de mon parcours estudiantin. En effet, les rencontres durant ma formation \u00e0 la HES-SO ainsi que mes exp\u00e9riences pratiques m\u2019ont ouvert l\u2019esprit \u00e0 l\u2019actualit\u00e9 sociale et politique du flux migratoire de ces derni\u00e8res ann\u00e9es. Les deux modules r\u00e9alis\u00e9s en collaboration avec la structure du Rados \u00e0 Sion, accueillant des migrant\u00b7e\u00b7s mineur\u00b7e\u00b7s non- accompagn\u00e9\u00b7e\u00b7s, m\u2019ont offert la possibilit\u00e9 de d\u00e9couvrir le processus d\u2019asile en Suisse et plus particuli\u00e8rement en Valais. La r\u00e9alit\u00e9 de ces jeunes migrant\u00b7e\u00b7s m\u2019\u00e9tant inconnue, j\u2019ai appris \u00e0 consid\u00e9rer leur quotidien avec humanit\u00e9. La corr\u00e9lation entre la r\u00e9alit\u00e9 pratique des migrant\u00b7e\u00b7s avec les lois constituant le droit d\u2019asile exige de l\u2019assiduit\u00e9 afin de percevoir tous les tenants et aboutissants de ce domaine. Ces exp\u00e9riences m\u2019ont ainsi ouverte \u00e0 l\u2019actualit\u00e9 valaisanne autour de l\u2019asile.<\/p><\/blockquote>\n<p>&nbsp;<\/p>\n","protected":false},"excerpt":{"rendered":"<p>Author(s) : Elise Taiana Source : https:\/\/doc.rero.ch\/record\/309050 Abstract:<\/p>\n","protected":false},"author":4,"featured_media":0,"comment_status":"open","ping_status":"open","sticky":false,"template":"","format":"standard","meta":{"_kadence_starter_templates_imported_post":false,"_kad_post_transparent":"","_kad_post_title":"","_kad_post_layout":"","_kad_post_sidebar_id":"","_kad_post_content_style":"","_kad_post_vertical_padding":"","_kad_post_feature":"","_kad_post_feature_position":"","_kad_post_header":false,"_kad_post_footer":false,"_kad_post_classname":"","jetpack_post_was_ever_published":false,"_jetpack_newsletter_access":"","_jetpack_dont_email_post_to_subs":false,"_jetpack_newsletter_tier_id":0,"_jetpack_memberships_contains_paywalled_content":false,"_jetpack_memberships_contains_paid_content":false,"footnotes":""},"categories":[24],"tags":[285,111,49,292,52,303,104,103,312,64,369],"class_list":["post-2138","post","type-post","status-publish","format-standard","hentry","category-society-family-racism","tag-285","tag-asylum-applications","tag-asylum-policy","tag-bachelor-thesis","tag-french-language","tag-legal-aspects","tag-living-conditions","tag-refugees","tag-social-work","tag-unaccompanied-minors","tag-valais"],"jetpack_featured_media_url":"","jetpack_sharing_enabled":true,"_links":{"self":[{"href":"https:\/\/swissmig.unine.ch\/index.php?rest_route=\/wp\/v2\/posts\/2138","targetHints":{"allow":["GET"]}}],"collection":[{"href":"https:\/\/swissmig.unine.ch\/index.php?rest_route=\/wp\/v2\/posts"}],"about":[{"href":"https:\/\/swissmig.unine.ch\/index.php?rest_route=\/wp\/v2\/types\/post"}],"author":[{"embeddable":true,"href":"https:\/\/swissmig.unine.ch\/index.php?rest_route=\/wp\/v2\/users\/4"}],"replies":[{"embeddable":true,"href":"https:\/\/swissmig.unine.ch\/index.php?rest_route=%2Fwp%2Fv2%2Fcomments&post=2138"}],"version-history":[{"count":0,"href":"https:\/\/swissmig.unine.ch\/index.php?rest_route=\/wp\/v2\/posts\/2138\/revisions"}],"wp:attachment":[{"href":"https:\/\/swissmig.unine.ch\/index.php?rest_route=%2Fwp%2Fv2%2Fmedia&parent=2138"}],"wp:term":[{"taxonomy":"category","embeddable":true,"href":"https:\/\/swissmig.unine.ch\/index.php?rest_route=%2Fwp%2Fv2%2Fcategories&post=2138"},{"taxonomy":"post_tag","embeddable":true,"href":"https:\/\/swissmig.unine.ch\/index.php?rest_route=%2Fwp%2Fv2%2Ftags&post=2138"}],"curies":[{"name":"wp","href":"https:\/\/api.w.org\/{rel}","templated":true}]}}