{"id":2136,"date":"2018-04-27T16:44:18","date_gmt":"2018-04-27T15:44:18","guid":{"rendered":"https:\/\/swissmig.wordpress.com\/?p=2136"},"modified":"2025-11-21T08:40:33","modified_gmt":"2025-11-21T07:40:33","slug":"lillegalite-reguliere-au-coeur-du-paradoxe-de-letat-nation-ethnographie-de-linterface-en-tension-entre-requerant-e-s-dasile-deboute-e-s-et-autorites-suisses","status":"publish","type":"post","link":"https:\/\/swissmig.unine.ch\/?p=2136","title":{"rendered":"&#8220;L&#8217;ill\u00e9galit\u00e9 r\u00e9guli\u00e8re&#8221; au coeur du paradoxe de l&#8217;Etat-nation : ethnographie de l&#8217;interface en tension entre requ\u00e9rant.e.s d&#8217;asile d\u00e9bout\u00e9.e.s et autorit\u00e9s suisses"},"content":{"rendered":"<h3>Author(s) : Giada de Coulon<\/h3>\n<h3>Source : <a href=\"https:\/\/libra.unine.ch\/handle\/123456789\/7475\" target=\"_blank\" rel=\"noopener\">https:\/\/libra.unine.ch\/handle\/123456789\/7475<\/a><\/h3>\n<p><strong>Abstract: <\/strong><!--more--><\/p>\n<blockquote><p>Depuis le 1er janvier 2008, les personnes n\u2019ayant pas obtenu de permis de s\u00e9jour suite \u00e0 l\u2019examen de leur demande d\u2019asile, et n\u2019obtemp\u00e9rant pas \u00e0 l\u2019imp\u00e9ratif de quitter le territoire suisse, se voient priv\u00e9es de l\u2019octroi d\u2019une aide sociale et leur pr\u00e9sence est ill\u00e9galis\u00e9e. La seule assistance publique \u00e0 laquelle ils et elles peuvent pr\u00e9tendre est celle de l\u2019aide d\u2019urgence offrant un soutien mat\u00e9riel par le biais de structures d\u00e9livrant un lit et des repas, ainsi que des bons de premi\u00e8res n\u00e9cessit\u00e9s et des soins m\u00e9dicaux d\u2019urgence. Ce travail de recherche se base sur une ethnographie de plusieurs ann\u00e9es (2008-2011) au sein de structures d\u2019aide d\u2019urgence d\u2019un canton romand, en Suisse. J\u2019y ai m\u00eal\u00e9 l\u2019observation participante aux entretiens semi-directifs aupr\u00e8s de ses r\u00e9sident.e.s. Je cherche \u00e0 d\u00e9velopper une compr\u00e9hension de l\u2019int\u00e9rieur de ces lieux ambigus afin d\u2019en comprendre la p\u00e9rennit\u00e9 alors que les critiques sont multiples et \u00e9mises de sources parfois antinomiques. Ma recherche tente de donner la parole aux requ\u00e9rant.e.s d\u2019asile d\u00e9bout\u00e9.e.s qui, quotidiennement, sont soumis.e.s \u00e0 une discipline dissuasive \u0153uvrant \u00e0 leur rappeler que leur place n\u2019est plus en Suisse. Je m\u2019int\u00e9resse \u00e0 leur perception de leur marge de man\u0153uvre, \u00e0 leurs d\u00e9sirs et \u00e0 leurs peurs, mais \u00e9galement aux liens que ces personnes entretiennent \u00e0 la l\u00e9galit\u00e9 \u00e0 travers l\u2019\u00e9tablissement d\u2019une relation constante aux autorit\u00e9s publiques (cantonales et f\u00e9d\u00e9rales). Dans ce cadre, cette th\u00e8se probl\u00e9matise les cat\u00e9gories issues du monde juridique -mais \u00e9galement v\u00e9hicul\u00e9es par le sens commun- de l\u00e9galit\u00e9 et d\u2019ill\u00e9galit\u00e9. La description de leur v\u00e9cu dans le cadre de l\u2019aide d\u2019urgence d\u00e9montre non seulement leur dimension fluide et dynamique, mais \u00e9galement les enjeux de pouvoir que leur mobilisation politique implique. Ma proposition est de saisir la position des requ\u00e9rant.e.s d\u2019asile d\u00e9bout\u00e9.e.s \u00e0 l\u2019aide d\u2019urgence sous le label de l\u2019ill\u00e9galit\u00e9 r\u00e9guli\u00e8re. Dans ma th\u00e8se, je la d\u00e9cris comme r\u00e9guli\u00e8re selon trois acceptations. Premi\u00e8rement, de par l\u2019ancrage au sein d\u2019un camp d\u2019\u00e9trangers alliant accueil et r\u00e9pression, l\u2019ill\u00e9galit\u00e9 organise le temps de mani\u00e8re concr\u00e8te et le rythme au gr\u00e9 des convocations, repas et r\u00e8glements de maison. Deuxi\u00e8mement, cette ill\u00e9galit\u00e9 est per\u00e7ue comme r\u00e9guli\u00e8re \u00e9galement en ce qu\u2019elle place les personnes ill\u00e9galis\u00e9es en contact constant avec les autorit\u00e9s. Elle n\u2019est d\u00e8s lors plus clandestine, mais contr\u00f4l\u00e9e par des agents interm\u00e9diaires en charge de la mise en place du r\u00e9gime de l\u2019aide d\u2019urgence. Finalement, cette ill\u00e9galit\u00e9 sp\u00e9cifique autorise une r\u00e9gulation importante de toute une population ayant perdu son statut l\u00e9gal en Suisse. En effet, l\u2019analyse des perceptions de la l\u00e9galit\u00e9 des requ\u00e9rant.e.s d\u2019asile d\u00e9bout\u00e9.e.s rencontr\u00e9e.e.s lors de mon terrain d\u2019\u00e9tude rend patent le fait que la mise en relation constante des personnes aux autorit\u00e9s publiques, leur perte d\u2019autonomie, mais aussi le contr\u00f4le permanent, contribuent \u00e0 former chez ces personnes un sentiment de r\u00e9gularisabilit\u00e9. Ce concept propos\u00e9 comme contribution r\u00e9flexive aux \u00e9tudes sur la d\u00e9portabilit\u00e9 (c\u2019est-\u00e0-dire la possibilit\u00e9 d\u2019\u00eatre renvoy\u00e9) traduit la r\u00e9alit\u00e9 de celles et ceux qui, quotidiennement, cherchent \u00e0 mener une conduite irr\u00e9prochable afin de m\u00e9riter, un jour peut-\u00eatre, d\u2019\u00eatre r\u00e9gularis\u00e9.e.s. Se nourrissant principalement d\u2019un important substrat ethnographique et des paroles des personnes ill\u00e9galis\u00e9es, cette th\u00e8se parle de l\u2019intimit\u00e9 du lien qui se forge au sein de l\u2019interface en tension entre autorit\u00e9s suisses et requ\u00e9rant.e.s d\u2019asile d\u00e9bout\u00e9.e.s<\/p>\n<p>Mots-cl\u00e9s: ill\u00e9galit\u00e9\u00a0; droit d\u2019asile\u00a0; gouvernementalit\u00e9\u00a0; agentivit\u00e9\u00a0; d\u00e9portabilit\u00e9<\/p><\/blockquote>\n","protected":false},"excerpt":{"rendered":"<p>Author(s) : Giada de Coulon Source : https:\/\/libra.unine.ch\/handle\/123456789\/7475 Abstract:<\/p>\n","protected":false},"author":4,"featured_media":0,"comment_status":"open","ping_status":"open","sticky":false,"template":"","format":"standard","meta":{"_kadence_starter_templates_imported_post":false,"_kad_post_transparent":"","_kad_post_title":"","_kad_post_layout":"","_kad_post_sidebar_id":"","_kad_post_content_style":"","_kad_post_vertical_padding":"","_kad_post_feature":"","_kad_post_feature_position":"","_kad_post_header":false,"_kad_post_footer":false,"_kad_post_classname":"","jetpack_post_was_ever_published":false,"_jetpack_newsletter_access":"","_jetpack_dont_email_post_to_subs":false,"_jetpack_newsletter_tier_id":0,"_jetpack_memberships_contains_paywalled_content":false,"_jetpack_memberships_contains_paid_content":false,"footnotes":""},"categories":[12],"tags":[141,49,50,542,52,294,219],"class_list":["post-2136","post","type-post","status-publish","format-standard","hentry","category-politics","tag-141","tag-asylum-policy","tag-asylum-seekers","tag-deportability","tag-french-language","tag-irregular-migration","tag-thesis"],"jetpack_featured_media_url":"","jetpack_sharing_enabled":true,"_links":{"self":[{"href":"https:\/\/swissmig.unine.ch\/index.php?rest_route=\/wp\/v2\/posts\/2136","targetHints":{"allow":["GET"]}}],"collection":[{"href":"https:\/\/swissmig.unine.ch\/index.php?rest_route=\/wp\/v2\/posts"}],"about":[{"href":"https:\/\/swissmig.unine.ch\/index.php?rest_route=\/wp\/v2\/types\/post"}],"author":[{"embeddable":true,"href":"https:\/\/swissmig.unine.ch\/index.php?rest_route=\/wp\/v2\/users\/4"}],"replies":[{"embeddable":true,"href":"https:\/\/swissmig.unine.ch\/index.php?rest_route=%2Fwp%2Fv2%2Fcomments&post=2136"}],"version-history":[{"count":1,"href":"https:\/\/swissmig.unine.ch\/index.php?rest_route=\/wp\/v2\/posts\/2136\/revisions"}],"predecessor-version":[{"id":38221,"href":"https:\/\/swissmig.unine.ch\/index.php?rest_route=\/wp\/v2\/posts\/2136\/revisions\/38221"}],"wp:attachment":[{"href":"https:\/\/swissmig.unine.ch\/index.php?rest_route=%2Fwp%2Fv2%2Fmedia&parent=2136"}],"wp:term":[{"taxonomy":"category","embeddable":true,"href":"https:\/\/swissmig.unine.ch\/index.php?rest_route=%2Fwp%2Fv2%2Fcategories&post=2136"},{"taxonomy":"post_tag","embeddable":true,"href":"https:\/\/swissmig.unine.ch\/index.php?rest_route=%2Fwp%2Fv2%2Ftags&post=2136"}],"curies":[{"name":"wp","href":"https:\/\/api.w.org\/{rel}","templated":true}]}}