{"id":2119,"date":"2018-04-25T11:15:59","date_gmt":"2018-04-25T10:15:59","guid":{"rendered":"https:\/\/swissmig.wordpress.com\/?p=2119"},"modified":"2018-04-25T11:15:59","modified_gmt":"2018-04-25T10:15:59","slug":"insertion-professionnelle-des-personnes-relevant-de-lasile-capacite-des-dispositifs-dinsertion-actuels-a-leur-favoriser-lacces-au-marche-du-travail-en-valais","status":"publish","type":"post","link":"https:\/\/swissmig.unine.ch\/?p=2119","title":{"rendered":"Insertion professionnelle des  personnes relevant de l\u2019asile : capacit\u00e9 des dispositifs d\u2019insertion actuels \u00e0 leur favoriser l\u2019acc\u00e8s au march\u00e9 du  travail en Valais"},"content":{"rendered":"<h3>Author(s) : Adam Mourad<\/h3>\n<h3>Source : <a href=\"http:\/\/doc.rero.ch\/record\/308992\" target=\"_blank\" rel=\"noopener\">http:\/\/doc.rero.ch\/record\/308992<\/a><\/h3>\n<p><strong>Abstract: <\/strong><!--more--><\/p>\n<blockquote>\n<div>\n<section id=\"Abs1\" class=\"Abstract\" lang=\"en\">Les crises et conflits qui s\u00e9vissent au Proche-Orient ainsi que sur le continent africain engendrent des flux migratoires d\u2019envergure vers l\u2019Europe. La pression migratoire sur le continent reste n\u00e9anmoins relative comparativement \u00e0 celle impos\u00e9e \u00e0 certains pays \u00e0 proximit\u00e9 des r\u00e9gions en crise. Il n\u2019en demeure pas moins que l\u2019ampleur du ph\u00e9nom\u00e8ne v\u00e9cu durant l\u2019ann\u00e9e 2015 a mis en \u00ab \u00e9moi \u00bb les Etats europ\u00e9ens. Depuis, leur politique d\u2019asile est une nouvelle fois mise \u00e0 l\u2019\u00e9preuve. D\u2019une part, l\u2019endiguement des flux est devenu une pr\u00e9occupation centrale, d\u2019autre part, l\u2019int\u00e9gration des personnes destin\u00e9es \u00e0 rester est un d\u00e9fi de soci\u00e9t\u00e9 majeur. Si, depuis la seconde partie du 19e si\u00e8cle, la Suisse est devenue progressivement un grand pays d\u2019immigration, le concept d\u2019int\u00e9gration n\u2019appara\u00eet que tardivement dans la politique suisse des \u00e9trangers. C\u2019est seulement au milieu des ann\u00e9es 2000 que, pour la premi\u00e8re fois, les objectifs et les grandes lignes d\u2019une politique d\u2019int\u00e9gration sont fix\u00e9s. Aujourd\u2019hui, l\u2019insertion professionnelle est vue comme une strat\u00e9gie privil\u00e9gi\u00e9e pour int\u00e9grer les personnes relevant de l\u2019asile. Ce travail de recherche tente alors d\u2019appr\u00e9hender la capacit\u00e9 des dispositifs d\u2019insertion actuels \u00e0 favoriser leur acc\u00e8s au march\u00e9 du travail en Valais. Un sujet qui s\u2019inscrit dans un questionnement prioritaire actuel.<\/section>\n<\/div>\n<\/blockquote>\n<p>&nbsp;<\/p>\n","protected":false},"excerpt":{"rendered":"<p>Author(s) : Adam Mourad Source : http:\/\/doc.rero.ch\/record\/308992 Abstract:<\/p>\n","protected":false},"author":4,"featured_media":0,"comment_status":"open","ping_status":"open","sticky":false,"template":"","format":"standard","meta":{"_kadence_starter_templates_imported_post":false,"_kad_post_transparent":"","_kad_post_title":"","_kad_post_layout":"","_kad_post_sidebar_id":"","_kad_post_content_style":"","_kad_post_vertical_padding":"","_kad_post_feature":"","_kad_post_feature_position":"","_kad_post_header":false,"_kad_post_footer":false,"_kad_post_classname":"","jetpack_post_was_ever_published":false,"_jetpack_newsletter_access":"","_jetpack_dont_email_post_to_subs":false,"_jetpack_newsletter_tier_id":0,"_jetpack_memberships_contains_paywalled_content":false,"_jetpack_memberships_contains_paid_content":false,"footnotes":""},"categories":[16],"tags":[285,362,50,292,176,52,387,160,369],"class_list":["post-2119","post","type-post","status-publish","format-standard","hentry","category-economics","tag-285","tag-access-to-employment","tag-asylum-seekers","tag-bachelor-thesis","tag-economic-integration","tag-french-language","tag-integration-policy","tag-integration-programmes","tag-valais"],"jetpack_featured_media_url":"","jetpack_sharing_enabled":true,"_links":{"self":[{"href":"https:\/\/swissmig.unine.ch\/index.php?rest_route=\/wp\/v2\/posts\/2119","targetHints":{"allow":["GET"]}}],"collection":[{"href":"https:\/\/swissmig.unine.ch\/index.php?rest_route=\/wp\/v2\/posts"}],"about":[{"href":"https:\/\/swissmig.unine.ch\/index.php?rest_route=\/wp\/v2\/types\/post"}],"author":[{"embeddable":true,"href":"https:\/\/swissmig.unine.ch\/index.php?rest_route=\/wp\/v2\/users\/4"}],"replies":[{"embeddable":true,"href":"https:\/\/swissmig.unine.ch\/index.php?rest_route=%2Fwp%2Fv2%2Fcomments&post=2119"}],"version-history":[{"count":0,"href":"https:\/\/swissmig.unine.ch\/index.php?rest_route=\/wp\/v2\/posts\/2119\/revisions"}],"wp:attachment":[{"href":"https:\/\/swissmig.unine.ch\/index.php?rest_route=%2Fwp%2Fv2%2Fmedia&parent=2119"}],"wp:term":[{"taxonomy":"category","embeddable":true,"href":"https:\/\/swissmig.unine.ch\/index.php?rest_route=%2Fwp%2Fv2%2Fcategories&post=2119"},{"taxonomy":"post_tag","embeddable":true,"href":"https:\/\/swissmig.unine.ch\/index.php?rest_route=%2Fwp%2Fv2%2Ftags&post=2119"}],"curies":[{"name":"wp","href":"https:\/\/api.w.org\/{rel}","templated":true}]}}