{"id":2109,"date":"2018-04-17T09:51:08","date_gmt":"2018-04-17T08:51:08","guid":{"rendered":"https:\/\/swissmig.wordpress.com\/?p=2109"},"modified":"2018-04-17T09:51:08","modified_gmt":"2018-04-17T08:51:08","slug":"die-schweizerische-fluchtlingspolitik-in-historischer-perspektive","status":"publish","type":"post","link":"https:\/\/swissmig.unine.ch\/?p=2109","title":{"rendered":"Die schweizerische Fl\u00fcchtlingspolitik in historischer Perspektive"},"content":{"rendered":"<h3>Author(s) : Denise Efionayi-M\u00e4der<\/h3>\n<h3>Source : <a href=\"http:\/\/www.kkf-oca.ch\/wp-content\/uploads\/2018\/03\/AsylNews_1_18_d_web.pdf\" target=\"_blank\" rel=\"noopener\">http:\/\/www.kkf-oca.ch\/wp-content\/uploads\/2018\/03\/AsylNews_1_18_d_web.pdf<\/a><\/h3>\n<p><strong>Abstract: <\/strong><!--more--><\/p>\n<blockquote>\n<div>Die \u00f6ffentliche Debatte in Migrationsfragen zeichnet sich durch eine aktualit\u00e4tsbezogene Perspektive aus, die l\u00e4ngerfristige Zusammenh\u00e4nge weitgehend ignoriert. Gelegentliche R\u00fcckblenden auf die Bew\u00e4ltigung vergangener Notlagen, aber auch Hinweise auf Spannungsfelder, w\u00e4ren einer sachlichen Diskussion f\u00f6rderlich.<\/div>\n<\/blockquote>\n<p>&nbsp;<\/p>\n","protected":false},"excerpt":{"rendered":"<p>Author(s) : Denise Efionayi-M\u00e4der Source : http:\/\/www.kkf-oca.ch\/wp-content\/uploads\/2018\/03\/AsylNews_1_18_d_web.pdf Abstract:<\/p>\n","protected":false},"author":4,"featured_media":0,"comment_status":"open","ping_status":"open","sticky":false,"template":"","format":"standard","meta":{"_kadence_starter_templates_imported_post":false,"_kad_post_transparent":"","_kad_post_title":"","_kad_post_layout":"","_kad_post_sidebar_id":"","_kad_post_content_style":"","_kad_post_vertical_padding":"","_kad_post_feature":"","_kad_post_feature_position":"","_kad_post_header":false,"_kad_post_footer":false,"_kad_post_classname":"","jetpack_post_was_ever_published":false,"_jetpack_newsletter_access":"","_jetpack_dont_email_post_to_subs":false,"_jetpack_newsletter_tier_id":0,"_jetpack_memberships_contains_paywalled_content":false,"_jetpack_memberships_contains_paid_content":false,"footnotes":""},"categories":[12],"tags":[285,7,49,37,73,87,100,90,103],"class_list":["post-2109","post","type-post","status-publish","format-standard","hentry","category-politics","tag-285","tag-article","tag-asylum-policy","tag-attitudes-towards-migrants","tag-german-language","tag-history","tag-labour-migration","tag-reception-policy","tag-refugees"],"jetpack_featured_media_url":"","jetpack_sharing_enabled":true,"_links":{"self":[{"href":"https:\/\/swissmig.unine.ch\/index.php?rest_route=\/wp\/v2\/posts\/2109","targetHints":{"allow":["GET"]}}],"collection":[{"href":"https:\/\/swissmig.unine.ch\/index.php?rest_route=\/wp\/v2\/posts"}],"about":[{"href":"https:\/\/swissmig.unine.ch\/index.php?rest_route=\/wp\/v2\/types\/post"}],"author":[{"embeddable":true,"href":"https:\/\/swissmig.unine.ch\/index.php?rest_route=\/wp\/v2\/users\/4"}],"replies":[{"embeddable":true,"href":"https:\/\/swissmig.unine.ch\/index.php?rest_route=%2Fwp%2Fv2%2Fcomments&post=2109"}],"version-history":[{"count":0,"href":"https:\/\/swissmig.unine.ch\/index.php?rest_route=\/wp\/v2\/posts\/2109\/revisions"}],"wp:attachment":[{"href":"https:\/\/swissmig.unine.ch\/index.php?rest_route=%2Fwp%2Fv2%2Fmedia&parent=2109"}],"wp:term":[{"taxonomy":"category","embeddable":true,"href":"https:\/\/swissmig.unine.ch\/index.php?rest_route=%2Fwp%2Fv2%2Fcategories&post=2109"},{"taxonomy":"post_tag","embeddable":true,"href":"https:\/\/swissmig.unine.ch\/index.php?rest_route=%2Fwp%2Fv2%2Ftags&post=2109"}],"curies":[{"name":"wp","href":"https:\/\/api.w.org\/{rel}","templated":true}]}}